{"id":872,"date":"2026-01-16T14:58:19","date_gmt":"2026-01-16T17:58:19","guid":{"rendered":"https:\/\/portalincluir.com.br\/?p=872"},"modified":"2026-01-16T15:04:09","modified_gmt":"2026-01-16T18:04:09","slug":"o-que-e-o-pei","status":"publish","type":"post","link":"https:\/\/portalincluir.com.br\/index.php\/2026\/01\/16\/o-que-e-o-pei\/","title":{"rendered":"O que \u00e9 o PEI?"},"content":{"rendered":"\n<figure class=\"wp-block-image alignright size-large is-resized\"><img loading=\"lazy\" decoding=\"async\" width=\"1024\" height=\"938\" src=\"https:\/\/portalincluir.com.br\/wp-content\/uploads\/2026\/01\/Jonathan-Aguiar-Divulgacao-1-scaled-e1768586183837-1024x938.jpg\" alt=\"\" class=\"wp-image-873\" style=\"aspect-ratio:1.09172433960425;width:229px;height:auto\" srcset=\"https:\/\/portalincluir.com.br\/wp-content\/uploads\/2026\/01\/Jonathan-Aguiar-Divulgacao-1-scaled-e1768586183837-1024x938.jpg 1024w, https:\/\/portalincluir.com.br\/wp-content\/uploads\/2026\/01\/Jonathan-Aguiar-Divulgacao-1-scaled-e1768586183837-300x275.jpg 300w, https:\/\/portalincluir.com.br\/wp-content\/uploads\/2026\/01\/Jonathan-Aguiar-Divulgacao-1-scaled-e1768586183837-768x703.jpg 768w, https:\/\/portalincluir.com.br\/wp-content\/uploads\/2026\/01\/Jonathan-Aguiar-Divulgacao-1-scaled-e1768586183837-1536x1407.jpg 1536w, https:\/\/portalincluir.com.br\/wp-content\/uploads\/2026\/01\/Jonathan-Aguiar-Divulgacao-1-scaled-e1768586183837-2048x1875.jpg 2048w\" sizes=\"auto, (max-width: 1024px) 100vw, 1024px\" \/><\/figure>\n\n\n\n<p>Cabe \u00e0s Secretarias de Educa\u00e7\u00e3o organizarem estrat\u00e9gias e projetos educativos com o foco na perman\u00eancia desses indiv\u00edduos, implementando forma\u00e7\u00e3o continuada para os professores, gestores e mediadores, contrata\u00e7\u00e3o de profissionais de apoio escolar (mediadores), elabora\u00e7\u00e3o de pol\u00edticas p\u00fablicas que promulgam o direito \u00e0 aprendizagem, cria\u00e7\u00e3o de planos, curr\u00edculos, e estrutura\u00e7\u00e3o de propostas pedag\u00f3gicas que flexibilizem o ensino, reconhecendo as necessidades espec\u00edficas de cada estudante.<\/p>\n\n\n\n<p>Os estudantes, professores, gestores e fam\u00edlias t\u00eam assumido parcerias quando o assunto \u00e9 inclus\u00e3o em educa\u00e7\u00e3o, mas como propiciar no contexto escolar a t\u00e3o sonhada inclus\u00e3o envolvendo a participa\u00e7\u00e3o dos estudantes com defici\u00eancia? Ocasionalmente, de um lado os profissionais quando recebem esses sujeitos exp\u00f5e que se sentem \u201cdespreparados\u201d. Em outros momentos, perante os desafios di\u00e1rios, desenvolvem uma pr\u00e1tica pedag\u00f3gica colaborativa, cujas culturas, pol\u00edticas e pr\u00e1ticas de inclus\u00e3o, tornam mais acess\u00edveis, logo, gestadas por princ\u00edpios de inclus\u00e3o. Portanto, para instituir a\u00e7\u00f5es e pr\u00e1ticas de inclus\u00e3o, a expectativa \u00e9 que esses atores, primeiramente, acolham as crian\u00e7as, adolescentes, jovens e adultos que chegam \u00e0 escola.<\/p>\n\n\n\n<figure class=\"wp-block-image aligncenter size-full is-resized\"><img loading=\"lazy\" decoding=\"async\" width=\"763\" height=\"191\" src=\"https:\/\/portalincluir.com.br\/wp-content\/uploads\/2025\/10\/quality.jpg\" alt=\"\" class=\"wp-image-674\" style=\"aspect-ratio:3.9950062421972534;width:366px;height:auto\" srcset=\"https:\/\/portalincluir.com.br\/wp-content\/uploads\/2025\/10\/quality.jpg 763w, https:\/\/portalincluir.com.br\/wp-content\/uploads\/2025\/10\/quality-300x75.jpg 300w\" sizes=\"auto, (max-width: 763px) 100vw, 763px\" \/><\/figure>\n\n\n\n<p>A escola colabora para a parceria entre fam\u00edlia e educadores, no sentido de cuidar e educar, cada ser de modo integral. Com isso, respeita-se \u00e0 pluralidade, \u00e0 diversidade, \u00e0 diferen\u00e7a, eliminando quaisquer obst\u00e1culos, barreiras, limites e atitudes excludentes. Isto posto, o PEI \u2013 Plano de Ensino Individualizado, assegurado pela Pol\u00edtica Nacional de Educa\u00e7\u00e3o Especial na Perspectiva da Educa\u00e7\u00e3o Inclusiva, e, posteriormente com a Lei Brasileira de Inclus\u00e3o, de 2015, emerge como um documento indispens\u00e1vel. Elaborado pelo professor regente com a finalidade de assegurar, criar, desenvolver, implementar, incentivar, acompanhar, avaliar o desenvolvimento integral dos estudantes com defici\u00eancia. Este manuscrito explicita as viv\u00eancias, experi\u00eancias, aprendizagens, conte\u00fados, habilidades, compet\u00eancias, estrat\u00e9gias, trazendo \u00e0 baila o desenvolvimento acad\u00eamico e social de cada sujeito.<\/p>\n\n\n\n<p>Construir um PEI significa observar quem \u00e9 esse estudante, compreender os aspectos afetivos, f\u00edsicos, psicol\u00f3gicos, sociais e intelectuais. Produzir este plano \u00e9 uma garantia em que a escola tenha o compromisso de oferecer as condi\u00e7\u00f5es necess\u00e1rias para que cada crian\u00e7a, adulto ou jovem se desenvolva de forma integral. Assumindo o respeito pela diferen\u00e7a, no qual potencializa um ensino individualizado em di\u00e1logo com as necessidades educacionais espec\u00edficas, embora este estudante fa\u00e7a parte de um espa\u00e7o coletivo. A sua elabora\u00e7\u00e3o\/execu\u00e7\u00e3o insere o estudante, na centralidade desse debate, assegurando os processos de avalia\u00e7\u00e3o, acompanhamento e implementa\u00e7\u00e3o do que se sabe e o necessita de aperfei\u00e7oamento. D\u00favidas, incertezas, surgir\u00e3o diante de tal elabora\u00e7\u00e3o, mas vale afirmar que este plano legitima o direito a educa\u00e7\u00e3o, o mesmo deve assumir o compromisso pol\u00edtico e \u00e9tico, norteado por princ\u00edpios de inclus\u00e3o em educa\u00e7\u00e3o.<\/p>\n\n\n\n<p><strong>Jonathan Aguiar <\/strong>\u00e9 doutor em Educa\u00e7\u00e3o, mestre em Educa\u00e7\u00e3o na linha de \u00c9tica, Inclus\u00e3o e Interculturalidade, psicopedagogo e pedagogo. Entre os livros lan\u00e7ados est\u00e1 \u201cOs Exclu\u00eddos podem Sonhar, Brincar e Criar\u201d<\/p>\n\n\n\n<p><\/p>\n","protected":false},"excerpt":{"rendered":"<p>Cabe \u00e0s Secretarias de Educa\u00e7\u00e3o organizarem estrat\u00e9gias e projetos educativos com o foco na perman\u00eancia<\/p>\n","protected":false},"author":1,"featured_media":876,"comment_status":"open","ping_status":"open","sticky":false,"template":"","format":"standard","meta":{"om_disable_all_campaigns":false,"_monsterinsights_skip_tracking":false,"_monsterinsights_sitenote_active":false,"_monsterinsights_sitenote_note":"","_monsterinsights_sitenote_category":0,"_uf_show_specific_survey":0,"_uf_disable_surveys":false,"footnotes":""},"categories":[21],"tags":[],"class_list":["post-872","post","type-post","status-publish","format-standard","has-post-thumbnail","hentry","category-opiniao"],"yoast_head":"<!-- This site is optimized with the Yoast SEO plugin v27.4 - https:\/\/yoast.com\/product\/yoast-seo-wordpress\/ -->\n<title>O que \u00e9 o PEI? - PORTAL INCLUIR<\/title>\n<meta name=\"robots\" content=\"index, follow, max-snippet:-1, max-image-preview:large, max-video-preview:-1\" \/>\n<link rel=\"canonical\" href=\"https:\/\/portalincluir.com.br\/index.php\/2026\/01\/16\/o-que-e-o-pei\/\" \/>\n<meta property=\"og:locale\" content=\"pt_BR\" \/>\n<meta property=\"og:type\" content=\"article\" \/>\n<meta property=\"og:title\" content=\"O que \u00e9 o PEI? - PORTAL INCLUIR\" \/>\n<meta property=\"og:description\" content=\"Cabe \u00e0s Secretarias de Educa\u00e7\u00e3o organizarem estrat\u00e9gias e projetos educativos com o foco na perman\u00eancia\" \/>\n<meta property=\"og:url\" content=\"https:\/\/portalincluir.com.br\/index.php\/2026\/01\/16\/o-que-e-o-pei\/\" \/>\n<meta property=\"og:site_name\" content=\"PORTAL INCLUIR\" \/>\n<meta property=\"article:published_time\" content=\"2026-01-16T17:58:19+00:00\" \/>\n<meta property=\"article:modified_time\" content=\"2026-01-16T18:04:09+00:00\" \/>\n<meta property=\"og:image\" content=\"https:\/\/portalincluir.com.br\/wp-content\/uploads\/2026\/01\/pei-INSTITUTOEMPODERA.jpg\" \/>\n\t<meta property=\"og:image:width\" content=\"1200\" \/>\n\t<meta property=\"og:image:height\" content=\"800\" \/>\n\t<meta property=\"og:image:type\" content=\"image\/jpeg\" \/>\n<meta name=\"author\" content=\"Portal Incluir\" \/>\n<meta name=\"twitter:card\" content=\"summary_large_image\" \/>\n<meta name=\"twitter:label1\" content=\"Escrito por\" \/>\n\t<meta name=\"twitter:data1\" content=\"Portal Incluir\" \/>\n\t<meta name=\"twitter:label2\" content=\"Est. tempo de leitura\" \/>\n\t<meta name=\"twitter:data2\" content=\"4 minutos\" \/>\n<script type=\"application\/ld+json\" class=\"yoast-schema-graph\">{\"@context\":\"https:\\\/\\\/schema.org\",\"@graph\":[{\"@type\":[\"Article\",\"BlogPosting\"],\"@id\":\"https:\\\/\\\/portalincluir.com.br\\\/index.php\\\/2026\\\/01\\\/16\\\/o-que-e-o-pei\\\/#article\",\"isPartOf\":{\"@id\":\"https:\\\/\\\/portalincluir.com.br\\\/index.php\\\/2026\\\/01\\\/16\\\/o-que-e-o-pei\\\/\"},\"author\":{\"name\":\"Portal Incluir\",\"@id\":\"https:\\\/\\\/portalincluir.com.br\\\/#\\\/schema\\\/person\\\/8823664e5902eee555607fb75c4c35ae\"},\"headline\":\"O que \u00e9 o PEI?\",\"datePublished\":\"2026-01-16T17:58:19+00:00\",\"dateModified\":\"2026-01-16T18:04:09+00:00\",\"mainEntityOfPage\":{\"@id\":\"https:\\\/\\\/portalincluir.com.br\\\/index.php\\\/2026\\\/01\\\/16\\\/o-que-e-o-pei\\\/\"},\"wordCount\":521,\"commentCount\":0,\"image\":{\"@id\":\"https:\\\/\\\/portalincluir.com.br\\\/index.php\\\/2026\\\/01\\\/16\\\/o-que-e-o-pei\\\/#primaryimage\"},\"thumbnailUrl\":\"https:\\\/\\\/portalincluir.com.br\\\/wp-content\\\/uploads\\\/2026\\\/01\\\/pei-INSTITUTOEMPODERA.jpg\",\"articleSection\":[\"Opini\u00e3o\"],\"inLanguage\":\"pt-BR\",\"potentialAction\":[{\"@type\":\"CommentAction\",\"name\":\"Comment\",\"target\":[\"https:\\\/\\\/portalincluir.com.br\\\/index.php\\\/2026\\\/01\\\/16\\\/o-que-e-o-pei\\\/#respond\"]}]},{\"@type\":\"WebPage\",\"@id\":\"https:\\\/\\\/portalincluir.com.br\\\/index.php\\\/2026\\\/01\\\/16\\\/o-que-e-o-pei\\\/\",\"url\":\"https:\\\/\\\/portalincluir.com.br\\\/index.php\\\/2026\\\/01\\\/16\\\/o-que-e-o-pei\\\/\",\"name\":\"O que \u00e9 o PEI? - PORTAL INCLUIR\",\"isPartOf\":{\"@id\":\"https:\\\/\\\/portalincluir.com.br\\\/#website\"},\"primaryImageOfPage\":{\"@id\":\"https:\\\/\\\/portalincluir.com.br\\\/index.php\\\/2026\\\/01\\\/16\\\/o-que-e-o-pei\\\/#primaryimage\"},\"image\":{\"@id\":\"https:\\\/\\\/portalincluir.com.br\\\/index.php\\\/2026\\\/01\\\/16\\\/o-que-e-o-pei\\\/#primaryimage\"},\"thumbnailUrl\":\"https:\\\/\\\/portalincluir.com.br\\\/wp-content\\\/uploads\\\/2026\\\/01\\\/pei-INSTITUTOEMPODERA.jpg\",\"datePublished\":\"2026-01-16T17:58:19+00:00\",\"dateModified\":\"2026-01-16T18:04:09+00:00\",\"author\":{\"@id\":\"https:\\\/\\\/portalincluir.com.br\\\/#\\\/schema\\\/person\\\/8823664e5902eee555607fb75c4c35ae\"},\"breadcrumb\":{\"@id\":\"https:\\\/\\\/portalincluir.com.br\\\/index.php\\\/2026\\\/01\\\/16\\\/o-que-e-o-pei\\\/#breadcrumb\"},\"inLanguage\":\"pt-BR\",\"potentialAction\":[{\"@type\":\"ReadAction\",\"target\":[\"https:\\\/\\\/portalincluir.com.br\\\/index.php\\\/2026\\\/01\\\/16\\\/o-que-e-o-pei\\\/\"]}]},{\"@type\":\"ImageObject\",\"inLanguage\":\"pt-BR\",\"@id\":\"https:\\\/\\\/portalincluir.com.br\\\/index.php\\\/2026\\\/01\\\/16\\\/o-que-e-o-pei\\\/#primaryimage\",\"url\":\"https:\\\/\\\/portalincluir.com.br\\\/wp-content\\\/uploads\\\/2026\\\/01\\\/pei-INSTITUTOEMPODERA.jpg\",\"contentUrl\":\"https:\\\/\\\/portalincluir.com.br\\\/wp-content\\\/uploads\\\/2026\\\/01\\\/pei-INSTITUTOEMPODERA.jpg\",\"width\":1200,\"height\":800,\"caption\":\"Imagem: Instituto Empodera\"},{\"@type\":\"BreadcrumbList\",\"@id\":\"https:\\\/\\\/portalincluir.com.br\\\/index.php\\\/2026\\\/01\\\/16\\\/o-que-e-o-pei\\\/#breadcrumb\",\"itemListElement\":[{\"@type\":\"ListItem\",\"position\":1,\"name\":\"In\u00edcio\",\"item\":\"https:\\\/\\\/portalincluir.com.br\\\/\"},{\"@type\":\"ListItem\",\"position\":2,\"name\":\"O que \u00e9 o PEI?\"}]},{\"@type\":\"WebSite\",\"@id\":\"https:\\\/\\\/portalincluir.com.br\\\/#website\",\"url\":\"https:\\\/\\\/portalincluir.com.br\\\/\",\"name\":\"PORTAL INCLUIR\",\"description\":\"\",\"potentialAction\":[{\"@type\":\"SearchAction\",\"target\":{\"@type\":\"EntryPoint\",\"urlTemplate\":\"https:\\\/\\\/portalincluir.com.br\\\/?s={search_term_string}\"},\"query-input\":{\"@type\":\"PropertyValueSpecification\",\"valueRequired\":true,\"valueName\":\"search_term_string\"}}],\"inLanguage\":\"pt-BR\"},{\"@type\":\"Person\",\"@id\":\"https:\\\/\\\/portalincluir.com.br\\\/#\\\/schema\\\/person\\\/8823664e5902eee555607fb75c4c35ae\",\"name\":\"Portal Incluir\",\"image\":{\"@type\":\"ImageObject\",\"inLanguage\":\"pt-BR\",\"@id\":\"https:\\\/\\\/secure.gravatar.com\\\/avatar\\\/12085fe17e70c3550551519fe1f8f51fae69b1748563a47fc3bea53d91fbcbbd?s=96&d=mm&r=g\",\"url\":\"https:\\\/\\\/secure.gravatar.com\\\/avatar\\\/12085fe17e70c3550551519fe1f8f51fae69b1748563a47fc3bea53d91fbcbbd?s=96&d=mm&r=g\",\"contentUrl\":\"https:\\\/\\\/secure.gravatar.com\\\/avatar\\\/12085fe17e70c3550551519fe1f8f51fae69b1748563a47fc3bea53d91fbcbbd?s=96&d=mm&r=g\",\"caption\":\"Portal Incluir\"},\"sameAs\":[\"http:\\\/\\\/portalincluir.com.br\"],\"url\":\"https:\\\/\\\/portalincluir.com.br\\\/index.php\\\/author\\\/portalincluir-com-br\\\/\"}]}<\/script>\n<!-- \/ Yoast SEO plugin. -->","yoast_head_json":{"title":"O que \u00e9 o PEI? - PORTAL INCLUIR","robots":{"index":"index","follow":"follow","max-snippet":"max-snippet:-1","max-image-preview":"max-image-preview:large","max-video-preview":"max-video-preview:-1"},"canonical":"https:\/\/portalincluir.com.br\/index.php\/2026\/01\/16\/o-que-e-o-pei\/","og_locale":"pt_BR","og_type":"article","og_title":"O que \u00e9 o PEI? - PORTAL INCLUIR","og_description":"Cabe \u00e0s Secretarias de Educa\u00e7\u00e3o organizarem estrat\u00e9gias e projetos educativos com o foco na perman\u00eancia","og_url":"https:\/\/portalincluir.com.br\/index.php\/2026\/01\/16\/o-que-e-o-pei\/","og_site_name":"PORTAL INCLUIR","article_published_time":"2026-01-16T17:58:19+00:00","article_modified_time":"2026-01-16T18:04:09+00:00","og_image":[{"width":1200,"height":800,"url":"https:\/\/portalincluir.com.br\/wp-content\/uploads\/2026\/01\/pei-INSTITUTOEMPODERA.jpg","type":"image\/jpeg"}],"author":"Portal Incluir","twitter_card":"summary_large_image","twitter_misc":{"Escrito por":"Portal Incluir","Est. tempo de leitura":"4 minutos"},"schema":{"@context":"https:\/\/schema.org","@graph":[{"@type":["Article","BlogPosting"],"@id":"https:\/\/portalincluir.com.br\/index.php\/2026\/01\/16\/o-que-e-o-pei\/#article","isPartOf":{"@id":"https:\/\/portalincluir.com.br\/index.php\/2026\/01\/16\/o-que-e-o-pei\/"},"author":{"name":"Portal Incluir","@id":"https:\/\/portalincluir.com.br\/#\/schema\/person\/8823664e5902eee555607fb75c4c35ae"},"headline":"O que \u00e9 o PEI?","datePublished":"2026-01-16T17:58:19+00:00","dateModified":"2026-01-16T18:04:09+00:00","mainEntityOfPage":{"@id":"https:\/\/portalincluir.com.br\/index.php\/2026\/01\/16\/o-que-e-o-pei\/"},"wordCount":521,"commentCount":0,"image":{"@id":"https:\/\/portalincluir.com.br\/index.php\/2026\/01\/16\/o-que-e-o-pei\/#primaryimage"},"thumbnailUrl":"https:\/\/portalincluir.com.br\/wp-content\/uploads\/2026\/01\/pei-INSTITUTOEMPODERA.jpg","articleSection":["Opini\u00e3o"],"inLanguage":"pt-BR","potentialAction":[{"@type":"CommentAction","name":"Comment","target":["https:\/\/portalincluir.com.br\/index.php\/2026\/01\/16\/o-que-e-o-pei\/#respond"]}]},{"@type":"WebPage","@id":"https:\/\/portalincluir.com.br\/index.php\/2026\/01\/16\/o-que-e-o-pei\/","url":"https:\/\/portalincluir.com.br\/index.php\/2026\/01\/16\/o-que-e-o-pei\/","name":"O que \u00e9 o PEI? - PORTAL INCLUIR","isPartOf":{"@id":"https:\/\/portalincluir.com.br\/#website"},"primaryImageOfPage":{"@id":"https:\/\/portalincluir.com.br\/index.php\/2026\/01\/16\/o-que-e-o-pei\/#primaryimage"},"image":{"@id":"https:\/\/portalincluir.com.br\/index.php\/2026\/01\/16\/o-que-e-o-pei\/#primaryimage"},"thumbnailUrl":"https:\/\/portalincluir.com.br\/wp-content\/uploads\/2026\/01\/pei-INSTITUTOEMPODERA.jpg","datePublished":"2026-01-16T17:58:19+00:00","dateModified":"2026-01-16T18:04:09+00:00","author":{"@id":"https:\/\/portalincluir.com.br\/#\/schema\/person\/8823664e5902eee555607fb75c4c35ae"},"breadcrumb":{"@id":"https:\/\/portalincluir.com.br\/index.php\/2026\/01\/16\/o-que-e-o-pei\/#breadcrumb"},"inLanguage":"pt-BR","potentialAction":[{"@type":"ReadAction","target":["https:\/\/portalincluir.com.br\/index.php\/2026\/01\/16\/o-que-e-o-pei\/"]}]},{"@type":"ImageObject","inLanguage":"pt-BR","@id":"https:\/\/portalincluir.com.br\/index.php\/2026\/01\/16\/o-que-e-o-pei\/#primaryimage","url":"https:\/\/portalincluir.com.br\/wp-content\/uploads\/2026\/01\/pei-INSTITUTOEMPODERA.jpg","contentUrl":"https:\/\/portalincluir.com.br\/wp-content\/uploads\/2026\/01\/pei-INSTITUTOEMPODERA.jpg","width":1200,"height":800,"caption":"Imagem: Instituto Empodera"},{"@type":"BreadcrumbList","@id":"https:\/\/portalincluir.com.br\/index.php\/2026\/01\/16\/o-que-e-o-pei\/#breadcrumb","itemListElement":[{"@type":"ListItem","position":1,"name":"In\u00edcio","item":"https:\/\/portalincluir.com.br\/"},{"@type":"ListItem","position":2,"name":"O que \u00e9 o PEI?"}]},{"@type":"WebSite","@id":"https:\/\/portalincluir.com.br\/#website","url":"https:\/\/portalincluir.com.br\/","name":"PORTAL INCLUIR","description":"","potentialAction":[{"@type":"SearchAction","target":{"@type":"EntryPoint","urlTemplate":"https:\/\/portalincluir.com.br\/?s={search_term_string}"},"query-input":{"@type":"PropertyValueSpecification","valueRequired":true,"valueName":"search_term_string"}}],"inLanguage":"pt-BR"},{"@type":"Person","@id":"https:\/\/portalincluir.com.br\/#\/schema\/person\/8823664e5902eee555607fb75c4c35ae","name":"Portal Incluir","image":{"@type":"ImageObject","inLanguage":"pt-BR","@id":"https:\/\/secure.gravatar.com\/avatar\/12085fe17e70c3550551519fe1f8f51fae69b1748563a47fc3bea53d91fbcbbd?s=96&d=mm&r=g","url":"https:\/\/secure.gravatar.com\/avatar\/12085fe17e70c3550551519fe1f8f51fae69b1748563a47fc3bea53d91fbcbbd?s=96&d=mm&r=g","contentUrl":"https:\/\/secure.gravatar.com\/avatar\/12085fe17e70c3550551519fe1f8f51fae69b1748563a47fc3bea53d91fbcbbd?s=96&d=mm&r=g","caption":"Portal Incluir"},"sameAs":["http:\/\/portalincluir.com.br"],"url":"https:\/\/portalincluir.com.br\/index.php\/author\/portalincluir-com-br\/"}]}},"_links":{"self":[{"href":"https:\/\/portalincluir.com.br\/index.php\/wp-json\/wp\/v2\/posts\/872","targetHints":{"allow":["GET"]}}],"collection":[{"href":"https:\/\/portalincluir.com.br\/index.php\/wp-json\/wp\/v2\/posts"}],"about":[{"href":"https:\/\/portalincluir.com.br\/index.php\/wp-json\/wp\/v2\/types\/post"}],"author":[{"embeddable":true,"href":"https:\/\/portalincluir.com.br\/index.php\/wp-json\/wp\/v2\/users\/1"}],"replies":[{"embeddable":true,"href":"https:\/\/portalincluir.com.br\/index.php\/wp-json\/wp\/v2\/comments?post=872"}],"version-history":[{"count":2,"href":"https:\/\/portalincluir.com.br\/index.php\/wp-json\/wp\/v2\/posts\/872\/revisions"}],"predecessor-version":[{"id":878,"href":"https:\/\/portalincluir.com.br\/index.php\/wp-json\/wp\/v2\/posts\/872\/revisions\/878"}],"wp:featuredmedia":[{"embeddable":true,"href":"https:\/\/portalincluir.com.br\/index.php\/wp-json\/wp\/v2\/media\/876"}],"wp:attachment":[{"href":"https:\/\/portalincluir.com.br\/index.php\/wp-json\/wp\/v2\/media?parent=872"}],"wp:term":[{"taxonomy":"category","embeddable":true,"href":"https:\/\/portalincluir.com.br\/index.php\/wp-json\/wp\/v2\/categories?post=872"},{"taxonomy":"post_tag","embeddable":true,"href":"https:\/\/portalincluir.com.br\/index.php\/wp-json\/wp\/v2\/tags?post=872"}],"curies":[{"name":"wp","href":"https:\/\/api.w.org\/{rel}","templated":true}]}}