{"id":879,"date":"2026-01-22T09:47:22","date_gmt":"2026-01-22T12:47:22","guid":{"rendered":"https:\/\/portalincluir.com.br\/?p=879"},"modified":"2026-01-27T18:35:44","modified_gmt":"2026-01-27T21:35:44","slug":"o-uso-consciente-das-telas-na-educacao-de-pessoas-com-deficiencia","status":"publish","type":"post","link":"https:\/\/portalincluir.com.br\/index.php\/2026\/01\/22\/o-uso-consciente-das-telas-na-educacao-de-pessoas-com-deficiencia\/","title":{"rendered":"O uso consciente das telas na Educa\u00e7\u00e3o de pessoas com defici\u00eancia"},"content":{"rendered":"\n<p>Vivemos em uma era em que a tecnologia ocupa lugar central em nossas vidas. E quando o assunto \u00e9 Educa\u00e7\u00e3o, especialmente de pessoas com defici\u00eancia (PCD), surgem perguntas que desafiam pais, educadores e especialistas: <strong>quando o uso de telas \u00e9 ben\u00e9fico e quando se torna prejudicial? Como equilibrar inova\u00e7\u00e3o, inclus\u00e3o e desenvolvimento saud\u00e1vel?<\/strong><\/p>\n\n\n\n<p>A resposta est\u00e1 no uso <strong>intencional e mediado<\/strong> da tecnologia. Estudos recentes demonstram que o tempo excessivo diante de dispositivos digitais pode prejudicar o sono, o desenvolvimento emocional e as habilidades sociais, especialmente entre crian\u00e7as neurodivergentes. No entanto, quando bem conduzido, esse mesmo tempo de tela pode ser um aliado poderoso na promo\u00e7\u00e3o da autonomia, comunica\u00e7\u00e3o e aprendizagem.<\/p>\n\n\n\n<p><strong>Tecnologia que transforma vidas<\/strong><\/p>\n\n\n\n<p>Na pr\u00e1tica cl\u00ednica e educacional, tenho acompanhado avan\u00e7os not\u00e1veis. Ferramentas digitais como apps de alfabetiza\u00e7\u00e3o multissensorial, softwares com recursos visuais adapt\u00e1veis e tecnologias de Comunica\u00e7\u00e3o Aumentativa e Alternativa (CAA) est\u00e3o mudando a forma como crian\u00e7as com Transtorno do Espectro Autista (TEA), dislexia, TDAH ou defici\u00eancia intelectual aprendem e se expressam.<\/p>\n\n\n\n<p>Esses recursos permitem que a crian\u00e7a participe de atividades educativas com <strong>mais engajamento e menos frustra\u00e7\u00e3o<\/strong>, promovendo desenvolvimento de habilidades acad\u00eamicas, sociais e emocionais. A personaliza\u00e7\u00e3o oferecida por essas tecnologias \u00e9 um divisor de \u00e1guas.<\/p>\n\n\n\n<p><strong>Curr\u00edculos que respeitam o ritmo de cada um<\/strong><\/p>\n\n\n\n<p>A Intelig\u00eancia Artificial (IA) desponta como uma aliada na cria\u00e7\u00e3o de percursos pedag\u00f3gicos personalizados. Softwares educacionais com IA conseguem adaptar conte\u00fados conforme o desempenho do aluno, fornecendo desafios e suportes sob medida. Essa intelig\u00eancia permite que pedagogos construam <strong>planos individualizados<\/strong>, respeitando a curva de aprendizagem de cada estudante com defici\u00eancia.<\/p>\n\n\n\n<p><strong>Fam\u00edlias: media\u00e7\u00e3o ativa e afetiva<\/strong><\/p>\n\n\n\n<p>Um temor comum entre fam\u00edlias \u00e9 que a tecnologia cause isolamento. Por\u00e9m, quando usada com prop\u00f3sito e supervis\u00e3o, ela pode ser um instrumento de <strong>conex\u00e3o e inclus\u00e3o<\/strong>. Atividades digitais compartilhadas, jogos colaborativos e intera\u00e7\u00f5es mediadas por apps de comunica\u00e7\u00e3o s\u00e3o formas de promover la\u00e7os, ampliar o repert\u00f3rio social e reduzir o sentimento de exclus\u00e3o.<\/p>\n\n\n\n<p><strong>O maior desafio? A forma\u00e7\u00e3o dos professores.<\/strong><\/p>\n\n\n\n<p>Apesar do avan\u00e7o tecnol\u00f3gico, o maior gargalo ainda \u00e9 humano: muitos docentes n\u00e3o recebem forma\u00e7\u00e3o adequada para lidar com a diversidade mediada por tecnologia. A inclus\u00e3o digital exige mais do que acesso a dispositivos \u2014 requer <strong>compet\u00eancia pedag\u00f3gica, sensibilidade e atualiza\u00e7\u00e3o constante<\/strong>. Investir na forma\u00e7\u00e3o docente \u00e9 urgente se queremos uma educa\u00e7\u00e3o verdadeiramente inclusiva.<\/p>\n\n\n\n<p><strong>Cuidado com a sobrecarga sensorial<\/strong><\/p>\n\n\n\n<p>Outro ponto de aten\u00e7\u00e3o \u00e9 a sensibilidade aumentada de muitas pessoas neurodivergentes a est\u00edmulos digitais. \u00c9 fundamental ajustar brilho, som, tempo de exposi\u00e7\u00e3o e complexidade visual dos recursos. A sobrecarga cognitiva pode ser evitada com pausas planejadas, ambientes tranquilos e uso equilibrado da tecnologia.<\/p>\n\n\n\n<p><strong>Gamifica\u00e7\u00e3o como ferramenta pedag\u00f3gica<\/strong><\/p>\n\n\n\n<p>A gamifica\u00e7\u00e3o, quando bem desenhada, \u00e9 uma potente ferramenta para desenvolver fun\u00e7\u00f5es executivas como mem\u00f3ria, foco e planejamento \u2014 \u00e1reas desafiadoras para muitos estudantes com defici\u00eancia. Jogos educativos com fases, recompensas e feedbacks imediatos aumentam o envolvimento e criam um ambiente de aprendizagem l\u00fadico e eficaz.<\/p>\n\n\n\n<p><strong>O que vem pela frente<\/strong><\/p>\n\n\n\n<p>Em palestras e eventos internacionais, tenho observado tend\u00eancias promissoras ainda incipientes no Brasil: realidade virtual para treino de habilidades sociais, IA emocional que reconhece n\u00edveis de estresse e plataformas h\u00edbridas que integram o melhor do f\u00edsico e do digital.<\/p>\n\n\n\n<p>S\u00e3o caminhos poss\u00edveis para um futuro em que a inclus\u00e3o n\u00e3o seja apenas discurso, mas <strong>pr\u00e1tica cotidiana<\/strong> nas salas de aula.<\/p>\n\n\n\n<p><strong>Conclus\u00e3o:<\/strong> O desafio do nosso tempo \u00e9 usar a tecnologia com prop\u00f3sito, consci\u00eancia e afeto. O futuro da educa\u00e7\u00e3o inclusiva n\u00e3o ser\u00e1 definido pelas telas, mas pelas m\u00e3os que as conduzem com sabedoria. Que saibamos escolher sempre o caminho do cuidado, da ci\u00eancia e da empatia.<\/p>\n\n\n\n<p>Refer\u00eancias:<\/p>\n\n\n\n<p>&nbsp;<strong>PMC (PubMed Central) \u2013 Uso de telas e desenvolvimento infantil<\/strong><br><em>Estudo sobre os impactos do tempo de tela na inf\u00e2ncia e suas implica\u00e7\u00f5es no desenvolvimento neurol\u00f3gico e social.<\/em><br>https:\/\/www.ncbi.nlm.nih.gov\/pmc\/articles\/PMC12264844\/<\/p>\n\n\n\n<p><strong>Brazilian Journal of Health Review \u2013 Uso de telas por crian\u00e7as com TEA<\/strong><br><em>An\u00e1lise sobre os efeitos do uso de dispositivos digitais em crian\u00e7as com autismo.<\/em><br><a href=\"https:\/\/ojs.brazilianjournals.com.br\/ojs\/index.php\/BJHR\/article\/view\/62742\">https:\/\/ojs.brazilianjournals.com.br\/ojs\/index.php\/BJHR\/article\/view\/62742<\/a><\/p>\n\n\n\n<p><strong>Bahiana de Psicologia \u2013 Comunica\u00e7\u00e3o Aumentativa e Alternativa (CAA)<\/strong><br><em>Estudo sobre a aplica\u00e7\u00e3o de tecnologias de CAA em crian\u00e7as com defici\u00eancia.<\/em><\/p>\n\n\n\n<p><\/p>\n\n\n\n<p><em><strong>Por Juliana Santos \u2013 Palestrante, pedagoga, psicopedagoga e especialista em uso consciente de telas digitais<\/strong><\/em><\/p>\n\n\n\n<p><\/p>\n","protected":false},"excerpt":{"rendered":"<p>Vivemos em uma era em que a tecnologia ocupa lugar central em nossas vidas. E<\/p>\n","protected":false},"author":1,"featured_media":880,"comment_status":"open","ping_status":"open","sticky":false,"template":"","format":"standard","meta":{"om_disable_all_campaigns":false,"_monsterinsights_skip_tracking":false,"_monsterinsights_sitenote_active":false,"_monsterinsights_sitenote_note":"","_monsterinsights_sitenote_category":0,"_uf_show_specific_survey":0,"_uf_disable_surveys":false,"footnotes":""},"categories":[21],"tags":[],"class_list":["post-879","post","type-post","status-publish","format-standard","has-post-thumbnail","hentry","category-opiniao"],"yoast_head":"<!-- This site is optimized with the Yoast SEO plugin v27.4 - https:\/\/yoast.com\/product\/yoast-seo-wordpress\/ -->\n<title>O uso consciente das telas na Educa\u00e7\u00e3o de pessoas com defici\u00eancia - PORTAL INCLUIR<\/title>\n<meta name=\"robots\" content=\"index, follow, max-snippet:-1, max-image-preview:large, max-video-preview:-1\" \/>\n<link rel=\"canonical\" href=\"https:\/\/portalincluir.com.br\/index.php\/2026\/01\/22\/o-uso-consciente-das-telas-na-educacao-de-pessoas-com-deficiencia\/\" \/>\n<meta property=\"og:locale\" content=\"pt_BR\" \/>\n<meta property=\"og:type\" content=\"article\" \/>\n<meta property=\"og:title\" content=\"O uso consciente das telas na Educa\u00e7\u00e3o de pessoas com defici\u00eancia - PORTAL INCLUIR\" \/>\n<meta property=\"og:description\" content=\"Vivemos em uma era em que a tecnologia ocupa lugar central em nossas vidas. E\" \/>\n<meta property=\"og:url\" content=\"https:\/\/portalincluir.com.br\/index.php\/2026\/01\/22\/o-uso-consciente-das-telas-na-educacao-de-pessoas-com-deficiencia\/\" \/>\n<meta property=\"og:site_name\" content=\"PORTAL INCLUIR\" \/>\n<meta property=\"article:published_time\" content=\"2026-01-22T12:47:22+00:00\" \/>\n<meta property=\"article:modified_time\" content=\"2026-01-27T21:35:44+00:00\" \/>\n<meta property=\"og:image\" content=\"https:\/\/portalincluir.com.br\/wp-content\/uploads\/2026\/01\/juliana.jpg\" \/>\n\t<meta property=\"og:image:width\" content=\"778\" \/>\n\t<meta property=\"og:image:height\" content=\"713\" \/>\n\t<meta property=\"og:image:type\" content=\"image\/jpeg\" \/>\n<meta name=\"author\" content=\"Portal Incluir\" \/>\n<meta name=\"twitter:card\" content=\"summary_large_image\" \/>\n<meta name=\"twitter:label1\" content=\"Escrito por\" \/>\n\t<meta name=\"twitter:data1\" content=\"Portal Incluir\" \/>\n\t<meta name=\"twitter:label2\" content=\"Est. tempo de leitura\" \/>\n\t<meta name=\"twitter:data2\" content=\"4 minutos\" \/>\n<script type=\"application\/ld+json\" class=\"yoast-schema-graph\">{\"@context\":\"https:\\\/\\\/schema.org\",\"@graph\":[{\"@type\":[\"Article\",\"BlogPosting\"],\"@id\":\"https:\\\/\\\/portalincluir.com.br\\\/index.php\\\/2026\\\/01\\\/22\\\/o-uso-consciente-das-telas-na-educacao-de-pessoas-com-deficiencia\\\/#article\",\"isPartOf\":{\"@id\":\"https:\\\/\\\/portalincluir.com.br\\\/index.php\\\/2026\\\/01\\\/22\\\/o-uso-consciente-das-telas-na-educacao-de-pessoas-com-deficiencia\\\/\"},\"author\":{\"name\":\"Portal Incluir\",\"@id\":\"https:\\\/\\\/portalincluir.com.br\\\/#\\\/schema\\\/person\\\/8823664e5902eee555607fb75c4c35ae\"},\"headline\":\"O uso consciente das telas na Educa\u00e7\u00e3o de pessoas com defici\u00eancia\",\"datePublished\":\"2026-01-22T12:47:22+00:00\",\"dateModified\":\"2026-01-27T21:35:44+00:00\",\"mainEntityOfPage\":{\"@id\":\"https:\\\/\\\/portalincluir.com.br\\\/index.php\\\/2026\\\/01\\\/22\\\/o-uso-consciente-das-telas-na-educacao-de-pessoas-com-deficiencia\\\/\"},\"wordCount\":789,\"commentCount\":0,\"image\":{\"@id\":\"https:\\\/\\\/portalincluir.com.br\\\/index.php\\\/2026\\\/01\\\/22\\\/o-uso-consciente-das-telas-na-educacao-de-pessoas-com-deficiencia\\\/#primaryimage\"},\"thumbnailUrl\":\"https:\\\/\\\/portalincluir.com.br\\\/wp-content\\\/uploads\\\/2026\\\/01\\\/juliana.jpg\",\"articleSection\":[\"Opini\u00e3o\"],\"inLanguage\":\"pt-BR\",\"potentialAction\":[{\"@type\":\"CommentAction\",\"name\":\"Comment\",\"target\":[\"https:\\\/\\\/portalincluir.com.br\\\/index.php\\\/2026\\\/01\\\/22\\\/o-uso-consciente-das-telas-na-educacao-de-pessoas-com-deficiencia\\\/#respond\"]}]},{\"@type\":\"WebPage\",\"@id\":\"https:\\\/\\\/portalincluir.com.br\\\/index.php\\\/2026\\\/01\\\/22\\\/o-uso-consciente-das-telas-na-educacao-de-pessoas-com-deficiencia\\\/\",\"url\":\"https:\\\/\\\/portalincluir.com.br\\\/index.php\\\/2026\\\/01\\\/22\\\/o-uso-consciente-das-telas-na-educacao-de-pessoas-com-deficiencia\\\/\",\"name\":\"O uso consciente das telas na Educa\u00e7\u00e3o de pessoas com defici\u00eancia - PORTAL INCLUIR\",\"isPartOf\":{\"@id\":\"https:\\\/\\\/portalincluir.com.br\\\/#website\"},\"primaryImageOfPage\":{\"@id\":\"https:\\\/\\\/portalincluir.com.br\\\/index.php\\\/2026\\\/01\\\/22\\\/o-uso-consciente-das-telas-na-educacao-de-pessoas-com-deficiencia\\\/#primaryimage\"},\"image\":{\"@id\":\"https:\\\/\\\/portalincluir.com.br\\\/index.php\\\/2026\\\/01\\\/22\\\/o-uso-consciente-das-telas-na-educacao-de-pessoas-com-deficiencia\\\/#primaryimage\"},\"thumbnailUrl\":\"https:\\\/\\\/portalincluir.com.br\\\/wp-content\\\/uploads\\\/2026\\\/01\\\/juliana.jpg\",\"datePublished\":\"2026-01-22T12:47:22+00:00\",\"dateModified\":\"2026-01-27T21:35:44+00:00\",\"author\":{\"@id\":\"https:\\\/\\\/portalincluir.com.br\\\/#\\\/schema\\\/person\\\/8823664e5902eee555607fb75c4c35ae\"},\"breadcrumb\":{\"@id\":\"https:\\\/\\\/portalincluir.com.br\\\/index.php\\\/2026\\\/01\\\/22\\\/o-uso-consciente-das-telas-na-educacao-de-pessoas-com-deficiencia\\\/#breadcrumb\"},\"inLanguage\":\"pt-BR\",\"potentialAction\":[{\"@type\":\"ReadAction\",\"target\":[\"https:\\\/\\\/portalincluir.com.br\\\/index.php\\\/2026\\\/01\\\/22\\\/o-uso-consciente-das-telas-na-educacao-de-pessoas-com-deficiencia\\\/\"]}]},{\"@type\":\"ImageObject\",\"inLanguage\":\"pt-BR\",\"@id\":\"https:\\\/\\\/portalincluir.com.br\\\/index.php\\\/2026\\\/01\\\/22\\\/o-uso-consciente-das-telas-na-educacao-de-pessoas-com-deficiencia\\\/#primaryimage\",\"url\":\"https:\\\/\\\/portalincluir.com.br\\\/wp-content\\\/uploads\\\/2026\\\/01\\\/juliana.jpg\",\"contentUrl\":\"https:\\\/\\\/portalincluir.com.br\\\/wp-content\\\/uploads\\\/2026\\\/01\\\/juliana.jpg\",\"width\":778,\"height\":713},{\"@type\":\"BreadcrumbList\",\"@id\":\"https:\\\/\\\/portalincluir.com.br\\\/index.php\\\/2026\\\/01\\\/22\\\/o-uso-consciente-das-telas-na-educacao-de-pessoas-com-deficiencia\\\/#breadcrumb\",\"itemListElement\":[{\"@type\":\"ListItem\",\"position\":1,\"name\":\"In\u00edcio\",\"item\":\"https:\\\/\\\/portalincluir.com.br\\\/\"},{\"@type\":\"ListItem\",\"position\":2,\"name\":\"O uso consciente das telas na Educa\u00e7\u00e3o de pessoas com defici\u00eancia\"}]},{\"@type\":\"WebSite\",\"@id\":\"https:\\\/\\\/portalincluir.com.br\\\/#website\",\"url\":\"https:\\\/\\\/portalincluir.com.br\\\/\",\"name\":\"PORTAL INCLUIR\",\"description\":\"\",\"potentialAction\":[{\"@type\":\"SearchAction\",\"target\":{\"@type\":\"EntryPoint\",\"urlTemplate\":\"https:\\\/\\\/portalincluir.com.br\\\/?s={search_term_string}\"},\"query-input\":{\"@type\":\"PropertyValueSpecification\",\"valueRequired\":true,\"valueName\":\"search_term_string\"}}],\"inLanguage\":\"pt-BR\"},{\"@type\":\"Person\",\"@id\":\"https:\\\/\\\/portalincluir.com.br\\\/#\\\/schema\\\/person\\\/8823664e5902eee555607fb75c4c35ae\",\"name\":\"Portal Incluir\",\"image\":{\"@type\":\"ImageObject\",\"inLanguage\":\"pt-BR\",\"@id\":\"https:\\\/\\\/secure.gravatar.com\\\/avatar\\\/12085fe17e70c3550551519fe1f8f51fae69b1748563a47fc3bea53d91fbcbbd?s=96&d=mm&r=g\",\"url\":\"https:\\\/\\\/secure.gravatar.com\\\/avatar\\\/12085fe17e70c3550551519fe1f8f51fae69b1748563a47fc3bea53d91fbcbbd?s=96&d=mm&r=g\",\"contentUrl\":\"https:\\\/\\\/secure.gravatar.com\\\/avatar\\\/12085fe17e70c3550551519fe1f8f51fae69b1748563a47fc3bea53d91fbcbbd?s=96&d=mm&r=g\",\"caption\":\"Portal Incluir\"},\"sameAs\":[\"http:\\\/\\\/portalincluir.com.br\"],\"url\":\"https:\\\/\\\/portalincluir.com.br\\\/index.php\\\/author\\\/portalincluir-com-br\\\/\"}]}<\/script>\n<!-- \/ Yoast SEO plugin. -->","yoast_head_json":{"title":"O uso consciente das telas na Educa\u00e7\u00e3o de pessoas com defici\u00eancia - PORTAL INCLUIR","robots":{"index":"index","follow":"follow","max-snippet":"max-snippet:-1","max-image-preview":"max-image-preview:large","max-video-preview":"max-video-preview:-1"},"canonical":"https:\/\/portalincluir.com.br\/index.php\/2026\/01\/22\/o-uso-consciente-das-telas-na-educacao-de-pessoas-com-deficiencia\/","og_locale":"pt_BR","og_type":"article","og_title":"O uso consciente das telas na Educa\u00e7\u00e3o de pessoas com defici\u00eancia - PORTAL INCLUIR","og_description":"Vivemos em uma era em que a tecnologia ocupa lugar central em nossas vidas. E","og_url":"https:\/\/portalincluir.com.br\/index.php\/2026\/01\/22\/o-uso-consciente-das-telas-na-educacao-de-pessoas-com-deficiencia\/","og_site_name":"PORTAL INCLUIR","article_published_time":"2026-01-22T12:47:22+00:00","article_modified_time":"2026-01-27T21:35:44+00:00","og_image":[{"width":778,"height":713,"url":"https:\/\/portalincluir.com.br\/wp-content\/uploads\/2026\/01\/juliana.jpg","type":"image\/jpeg"}],"author":"Portal Incluir","twitter_card":"summary_large_image","twitter_misc":{"Escrito por":"Portal Incluir","Est. tempo de leitura":"4 minutos"},"schema":{"@context":"https:\/\/schema.org","@graph":[{"@type":["Article","BlogPosting"],"@id":"https:\/\/portalincluir.com.br\/index.php\/2026\/01\/22\/o-uso-consciente-das-telas-na-educacao-de-pessoas-com-deficiencia\/#article","isPartOf":{"@id":"https:\/\/portalincluir.com.br\/index.php\/2026\/01\/22\/o-uso-consciente-das-telas-na-educacao-de-pessoas-com-deficiencia\/"},"author":{"name":"Portal Incluir","@id":"https:\/\/portalincluir.com.br\/#\/schema\/person\/8823664e5902eee555607fb75c4c35ae"},"headline":"O uso consciente das telas na Educa\u00e7\u00e3o de pessoas com defici\u00eancia","datePublished":"2026-01-22T12:47:22+00:00","dateModified":"2026-01-27T21:35:44+00:00","mainEntityOfPage":{"@id":"https:\/\/portalincluir.com.br\/index.php\/2026\/01\/22\/o-uso-consciente-das-telas-na-educacao-de-pessoas-com-deficiencia\/"},"wordCount":789,"commentCount":0,"image":{"@id":"https:\/\/portalincluir.com.br\/index.php\/2026\/01\/22\/o-uso-consciente-das-telas-na-educacao-de-pessoas-com-deficiencia\/#primaryimage"},"thumbnailUrl":"https:\/\/portalincluir.com.br\/wp-content\/uploads\/2026\/01\/juliana.jpg","articleSection":["Opini\u00e3o"],"inLanguage":"pt-BR","potentialAction":[{"@type":"CommentAction","name":"Comment","target":["https:\/\/portalincluir.com.br\/index.php\/2026\/01\/22\/o-uso-consciente-das-telas-na-educacao-de-pessoas-com-deficiencia\/#respond"]}]},{"@type":"WebPage","@id":"https:\/\/portalincluir.com.br\/index.php\/2026\/01\/22\/o-uso-consciente-das-telas-na-educacao-de-pessoas-com-deficiencia\/","url":"https:\/\/portalincluir.com.br\/index.php\/2026\/01\/22\/o-uso-consciente-das-telas-na-educacao-de-pessoas-com-deficiencia\/","name":"O uso consciente das telas na Educa\u00e7\u00e3o de pessoas com defici\u00eancia - PORTAL INCLUIR","isPartOf":{"@id":"https:\/\/portalincluir.com.br\/#website"},"primaryImageOfPage":{"@id":"https:\/\/portalincluir.com.br\/index.php\/2026\/01\/22\/o-uso-consciente-das-telas-na-educacao-de-pessoas-com-deficiencia\/#primaryimage"},"image":{"@id":"https:\/\/portalincluir.com.br\/index.php\/2026\/01\/22\/o-uso-consciente-das-telas-na-educacao-de-pessoas-com-deficiencia\/#primaryimage"},"thumbnailUrl":"https:\/\/portalincluir.com.br\/wp-content\/uploads\/2026\/01\/juliana.jpg","datePublished":"2026-01-22T12:47:22+00:00","dateModified":"2026-01-27T21:35:44+00:00","author":{"@id":"https:\/\/portalincluir.com.br\/#\/schema\/person\/8823664e5902eee555607fb75c4c35ae"},"breadcrumb":{"@id":"https:\/\/portalincluir.com.br\/index.php\/2026\/01\/22\/o-uso-consciente-das-telas-na-educacao-de-pessoas-com-deficiencia\/#breadcrumb"},"inLanguage":"pt-BR","potentialAction":[{"@type":"ReadAction","target":["https:\/\/portalincluir.com.br\/index.php\/2026\/01\/22\/o-uso-consciente-das-telas-na-educacao-de-pessoas-com-deficiencia\/"]}]},{"@type":"ImageObject","inLanguage":"pt-BR","@id":"https:\/\/portalincluir.com.br\/index.php\/2026\/01\/22\/o-uso-consciente-das-telas-na-educacao-de-pessoas-com-deficiencia\/#primaryimage","url":"https:\/\/portalincluir.com.br\/wp-content\/uploads\/2026\/01\/juliana.jpg","contentUrl":"https:\/\/portalincluir.com.br\/wp-content\/uploads\/2026\/01\/juliana.jpg","width":778,"height":713},{"@type":"BreadcrumbList","@id":"https:\/\/portalincluir.com.br\/index.php\/2026\/01\/22\/o-uso-consciente-das-telas-na-educacao-de-pessoas-com-deficiencia\/#breadcrumb","itemListElement":[{"@type":"ListItem","position":1,"name":"In\u00edcio","item":"https:\/\/portalincluir.com.br\/"},{"@type":"ListItem","position":2,"name":"O uso consciente das telas na Educa\u00e7\u00e3o de pessoas com defici\u00eancia"}]},{"@type":"WebSite","@id":"https:\/\/portalincluir.com.br\/#website","url":"https:\/\/portalincluir.com.br\/","name":"PORTAL INCLUIR","description":"","potentialAction":[{"@type":"SearchAction","target":{"@type":"EntryPoint","urlTemplate":"https:\/\/portalincluir.com.br\/?s={search_term_string}"},"query-input":{"@type":"PropertyValueSpecification","valueRequired":true,"valueName":"search_term_string"}}],"inLanguage":"pt-BR"},{"@type":"Person","@id":"https:\/\/portalincluir.com.br\/#\/schema\/person\/8823664e5902eee555607fb75c4c35ae","name":"Portal Incluir","image":{"@type":"ImageObject","inLanguage":"pt-BR","@id":"https:\/\/secure.gravatar.com\/avatar\/12085fe17e70c3550551519fe1f8f51fae69b1748563a47fc3bea53d91fbcbbd?s=96&d=mm&r=g","url":"https:\/\/secure.gravatar.com\/avatar\/12085fe17e70c3550551519fe1f8f51fae69b1748563a47fc3bea53d91fbcbbd?s=96&d=mm&r=g","contentUrl":"https:\/\/secure.gravatar.com\/avatar\/12085fe17e70c3550551519fe1f8f51fae69b1748563a47fc3bea53d91fbcbbd?s=96&d=mm&r=g","caption":"Portal Incluir"},"sameAs":["http:\/\/portalincluir.com.br"],"url":"https:\/\/portalincluir.com.br\/index.php\/author\/portalincluir-com-br\/"}]}},"_links":{"self":[{"href":"https:\/\/portalincluir.com.br\/index.php\/wp-json\/wp\/v2\/posts\/879","targetHints":{"allow":["GET"]}}],"collection":[{"href":"https:\/\/portalincluir.com.br\/index.php\/wp-json\/wp\/v2\/posts"}],"about":[{"href":"https:\/\/portalincluir.com.br\/index.php\/wp-json\/wp\/v2\/types\/post"}],"author":[{"embeddable":true,"href":"https:\/\/portalincluir.com.br\/index.php\/wp-json\/wp\/v2\/users\/1"}],"replies":[{"embeddable":true,"href":"https:\/\/portalincluir.com.br\/index.php\/wp-json\/wp\/v2\/comments?post=879"}],"version-history":[{"count":1,"href":"https:\/\/portalincluir.com.br\/index.php\/wp-json\/wp\/v2\/posts\/879\/revisions"}],"predecessor-version":[{"id":881,"href":"https:\/\/portalincluir.com.br\/index.php\/wp-json\/wp\/v2\/posts\/879\/revisions\/881"}],"wp:featuredmedia":[{"embeddable":true,"href":"https:\/\/portalincluir.com.br\/index.php\/wp-json\/wp\/v2\/media\/880"}],"wp:attachment":[{"href":"https:\/\/portalincluir.com.br\/index.php\/wp-json\/wp\/v2\/media?parent=879"}],"wp:term":[{"taxonomy":"category","embeddable":true,"href":"https:\/\/portalincluir.com.br\/index.php\/wp-json\/wp\/v2\/categories?post=879"},{"taxonomy":"post_tag","embeddable":true,"href":"https:\/\/portalincluir.com.br\/index.php\/wp-json\/wp\/v2\/tags?post=879"}],"curies":[{"name":"wp","href":"https:\/\/api.w.org\/{rel}","templated":true}]}}