{"id":887,"date":"2026-01-23T21:43:42","date_gmt":"2026-01-24T00:43:42","guid":{"rendered":"https:\/\/portalincluir.com.br\/?p=887"},"modified":"2026-01-27T18:35:20","modified_gmt":"2026-01-27T21:35:20","slug":"cuidado-com-a-educacao-permissiva","status":"publish","type":"post","link":"https:\/\/portalincluir.com.br\/index.php\/2026\/01\/23\/cuidado-com-a-educacao-permissiva\/","title":{"rendered":"Cuidado com a educa\u00e7\u00e3o permissiva"},"content":{"rendered":"\n<p>Nos \u00faltimos anos, a discuss\u00e3o sobre m\u00e9todos de educar crian\u00e7as tem ganhado destaque, especialmente no que se refere ao n\u00edvel de rigidez ou permissividade de cada um. Tal discuss\u00e3o ganha um tom de esclarecimento quando muitos pais t\u00eam se arvorado a implementar uma educa\u00e7\u00e3o positiva, m\u00e9todo que surgiu como uma alternativa \u00e0 educa\u00e7\u00e3o violenta, opressora e silenciadora. Segundo a educa\u00e7\u00e3o positiva, pr\u00e1ticas como castigos, amea\u00e7as, gritos e uso de for\u00e7a f\u00edsica devem ser abandonadas. No entanto, tal linha n\u00e3o inclui a permissividade como caracter\u00edstica.<\/p>\n\n\n\n<p>A educa\u00e7\u00e3o positiva prega a filosofia do respeito que muitos pais acabam confundindo com serem permissivos. Ser respeitoso n\u00e3o significa renunciar \u00e0 autoridade parental. Precisamos evitar o autoritarismo, mas sem esquecer que as crian\u00e7as precisam de limites, pois n\u00e3o t\u00eam maturidade para gerenciar suas vidas com bom senso.Na educa\u00e7\u00e3o positiva, adultos precisam guiar as a\u00e7\u00f5es das crian\u00e7as atrav\u00e9s de refer\u00eancias, de maneira respeitosa e n\u00e3o violenta. \u00c9 poss\u00edvel manter um di\u00e1logo sem renunciar \u00e0s regras. Na hora do dever de casa, por exemplo, podemospermitirque um pr\u00e9-adolescente ligue o som para ouvir m\u00fasica enquanto faz as tarefas da escola, mas se a crian\u00e7a se recusar a fazer as tarefas, \u00e9 necess\u00e1rio manter a decis\u00e3o da maneira mais carinhosa e acolhedora poss\u00edvel, por\u00e9m, firme.<\/p>\n\n\n\n<p>Muitas vezes, preocupados em n\u00e3o desagradar os filhos, alguns pais evitam embates, criando indiv\u00edduos sem resili\u00eancia. Diante da desobedi\u00eancia, uma coisa \u00e9 gritar e bater (educa\u00e7\u00e3o agressiva), outra \u00e9 acolher seu choro, sua raiva, dar um abra\u00e7o e manter a posi\u00e7\u00e3o inicial sem voltar atr\u00e1s. \u00c9 necess\u00e1rio construir uma no\u00e7\u00e3o de autoridade afetuosa e serena. A crian\u00e7a deve enxergar os pais como um guia, entendendo que as regras s\u00e3o para seu bem. Essa consci\u00eancia come\u00e7a a se formar a partir dos 4-5 anos. At\u00e9 essa idade, \u00e9 importante n\u00e3o mudar as regras ap\u00f3s um choro ou reclama\u00e7\u00e3o.<\/p>\n\n\n\n<p>Ofere\u00e7a colo e carinho, mas mantenha a regra. A combina\u00e7\u00e3o de atitudes aparentemente contr\u00e1rias (acolher e ser firme) ajuda a crian\u00e7a entender que regras e limites s\u00e3o para o seu bem.\u00c9 crucial que a crian\u00e7a se sinta acolhida e segura, mesmo sabendo que as regras n\u00e3o ser\u00e3o modificadas. A educa\u00e7\u00e3o positiva promove o respeito e a empatia, mas sem renunciar \u00e0 autoridade e \u00e0s regras. \u00c9 um equil\u00edbrio delicado que, quando bem aplicado, forma indiv\u00edduos mais resilientes e preparados para os desafios da vida.<\/p>\n\n\n\n<p><strong>J\u00falio Furtado<\/strong><strong><\/strong><\/p>\n\n\n\n<p><strong>Professor, mestre em Educa\u00e7\u00e3o, doutor em Ci\u00eancias da Educa\u00e7\u00e3o, palestrante e&nbsp; <\/strong>Orientador Educacional<\/p>\n","protected":false},"excerpt":{"rendered":"<p>Nos \u00faltimos anos, a discuss\u00e3o sobre m\u00e9todos de educar crian\u00e7as tem ganhado destaque, especialmente no<\/p>\n","protected":false},"author":1,"featured_media":888,"comment_status":"open","ping_status":"open","sticky":false,"template":"","format":"standard","meta":{"om_disable_all_campaigns":false,"_monsterinsights_skip_tracking":false,"_monsterinsights_sitenote_active":false,"_monsterinsights_sitenote_note":"","_monsterinsights_sitenote_category":0,"_uf_show_specific_survey":0,"_uf_disable_surveys":false,"footnotes":""},"categories":[21],"tags":[],"class_list":["post-887","post","type-post","status-publish","format-standard","has-post-thumbnail","hentry","category-opiniao"],"yoast_head":"<!-- This site is optimized with the Yoast SEO plugin v27.4 - https:\/\/yoast.com\/product\/yoast-seo-wordpress\/ -->\n<title>Cuidado com a educa\u00e7\u00e3o permissiva - PORTAL INCLUIR<\/title>\n<meta name=\"robots\" content=\"index, follow, max-snippet:-1, max-image-preview:large, max-video-preview:-1\" \/>\n<link rel=\"canonical\" href=\"https:\/\/portalincluir.com.br\/index.php\/2026\/01\/23\/cuidado-com-a-educacao-permissiva\/\" \/>\n<meta property=\"og:locale\" content=\"pt_BR\" \/>\n<meta property=\"og:type\" content=\"article\" \/>\n<meta property=\"og:title\" content=\"Cuidado com a educa\u00e7\u00e3o permissiva - PORTAL INCLUIR\" \/>\n<meta property=\"og:description\" content=\"Nos \u00faltimos anos, a discuss\u00e3o sobre m\u00e9todos de educar crian\u00e7as tem ganhado destaque, especialmente no\" \/>\n<meta property=\"og:url\" content=\"https:\/\/portalincluir.com.br\/index.php\/2026\/01\/23\/cuidado-com-a-educacao-permissiva\/\" \/>\n<meta property=\"og:site_name\" content=\"PORTAL INCLUIR\" \/>\n<meta property=\"article:published_time\" content=\"2026-01-24T00:43:42+00:00\" \/>\n<meta property=\"article:modified_time\" content=\"2026-01-27T21:35:20+00:00\" \/>\n<meta property=\"og:image\" content=\"https:\/\/portalincluir.com.br\/wp-content\/uploads\/2026\/01\/julio-e1769215402771.jpeg\" \/>\n\t<meta property=\"og:image:width\" content=\"1066\" \/>\n\t<meta property=\"og:image:height\" content=\"1020\" \/>\n\t<meta property=\"og:image:type\" content=\"image\/jpeg\" \/>\n<meta name=\"author\" content=\"Portal Incluir\" \/>\n<meta name=\"twitter:card\" content=\"summary_large_image\" \/>\n<meta name=\"twitter:label1\" content=\"Escrito por\" \/>\n\t<meta name=\"twitter:data1\" content=\"Portal Incluir\" \/>\n\t<meta name=\"twitter:label2\" content=\"Est. tempo de leitura\" \/>\n\t<meta name=\"twitter:data2\" content=\"3 minutos\" \/>\n<script type=\"application\/ld+json\" class=\"yoast-schema-graph\">{\"@context\":\"https:\\\/\\\/schema.org\",\"@graph\":[{\"@type\":[\"Article\",\"BlogPosting\"],\"@id\":\"https:\\\/\\\/portalincluir.com.br\\\/index.php\\\/2026\\\/01\\\/23\\\/cuidado-com-a-educacao-permissiva\\\/#article\",\"isPartOf\":{\"@id\":\"https:\\\/\\\/portalincluir.com.br\\\/index.php\\\/2026\\\/01\\\/23\\\/cuidado-com-a-educacao-permissiva\\\/\"},\"author\":{\"name\":\"Portal Incluir\",\"@id\":\"https:\\\/\\\/portalincluir.com.br\\\/#\\\/schema\\\/person\\\/8823664e5902eee555607fb75c4c35ae\"},\"headline\":\"Cuidado com a educa\u00e7\u00e3o permissiva\",\"datePublished\":\"2026-01-24T00:43:42+00:00\",\"dateModified\":\"2026-01-27T21:35:20+00:00\",\"mainEntityOfPage\":{\"@id\":\"https:\\\/\\\/portalincluir.com.br\\\/index.php\\\/2026\\\/01\\\/23\\\/cuidado-com-a-educacao-permissiva\\\/\"},\"wordCount\":468,\"commentCount\":0,\"image\":{\"@id\":\"https:\\\/\\\/portalincluir.com.br\\\/index.php\\\/2026\\\/01\\\/23\\\/cuidado-com-a-educacao-permissiva\\\/#primaryimage\"},\"thumbnailUrl\":\"https:\\\/\\\/portalincluir.com.br\\\/wp-content\\\/uploads\\\/2026\\\/01\\\/julio-e1769215402771.jpeg\",\"articleSection\":[\"Opini\u00e3o\"],\"inLanguage\":\"pt-BR\",\"potentialAction\":[{\"@type\":\"CommentAction\",\"name\":\"Comment\",\"target\":[\"https:\\\/\\\/portalincluir.com.br\\\/index.php\\\/2026\\\/01\\\/23\\\/cuidado-com-a-educacao-permissiva\\\/#respond\"]}]},{\"@type\":\"WebPage\",\"@id\":\"https:\\\/\\\/portalincluir.com.br\\\/index.php\\\/2026\\\/01\\\/23\\\/cuidado-com-a-educacao-permissiva\\\/\",\"url\":\"https:\\\/\\\/portalincluir.com.br\\\/index.php\\\/2026\\\/01\\\/23\\\/cuidado-com-a-educacao-permissiva\\\/\",\"name\":\"Cuidado com a educa\u00e7\u00e3o permissiva - PORTAL INCLUIR\",\"isPartOf\":{\"@id\":\"https:\\\/\\\/portalincluir.com.br\\\/#website\"},\"primaryImageOfPage\":{\"@id\":\"https:\\\/\\\/portalincluir.com.br\\\/index.php\\\/2026\\\/01\\\/23\\\/cuidado-com-a-educacao-permissiva\\\/#primaryimage\"},\"image\":{\"@id\":\"https:\\\/\\\/portalincluir.com.br\\\/index.php\\\/2026\\\/01\\\/23\\\/cuidado-com-a-educacao-permissiva\\\/#primaryimage\"},\"thumbnailUrl\":\"https:\\\/\\\/portalincluir.com.br\\\/wp-content\\\/uploads\\\/2026\\\/01\\\/julio-e1769215402771.jpeg\",\"datePublished\":\"2026-01-24T00:43:42+00:00\",\"dateModified\":\"2026-01-27T21:35:20+00:00\",\"author\":{\"@id\":\"https:\\\/\\\/portalincluir.com.br\\\/#\\\/schema\\\/person\\\/8823664e5902eee555607fb75c4c35ae\"},\"breadcrumb\":{\"@id\":\"https:\\\/\\\/portalincluir.com.br\\\/index.php\\\/2026\\\/01\\\/23\\\/cuidado-com-a-educacao-permissiva\\\/#breadcrumb\"},\"inLanguage\":\"pt-BR\",\"potentialAction\":[{\"@type\":\"ReadAction\",\"target\":[\"https:\\\/\\\/portalincluir.com.br\\\/index.php\\\/2026\\\/01\\\/23\\\/cuidado-com-a-educacao-permissiva\\\/\"]}]},{\"@type\":\"ImageObject\",\"inLanguage\":\"pt-BR\",\"@id\":\"https:\\\/\\\/portalincluir.com.br\\\/index.php\\\/2026\\\/01\\\/23\\\/cuidado-com-a-educacao-permissiva\\\/#primaryimage\",\"url\":\"https:\\\/\\\/portalincluir.com.br\\\/wp-content\\\/uploads\\\/2026\\\/01\\\/julio-e1769215402771.jpeg\",\"contentUrl\":\"https:\\\/\\\/portalincluir.com.br\\\/wp-content\\\/uploads\\\/2026\\\/01\\\/julio-e1769215402771.jpeg\",\"width\":1066,\"height\":1020},{\"@type\":\"BreadcrumbList\",\"@id\":\"https:\\\/\\\/portalincluir.com.br\\\/index.php\\\/2026\\\/01\\\/23\\\/cuidado-com-a-educacao-permissiva\\\/#breadcrumb\",\"itemListElement\":[{\"@type\":\"ListItem\",\"position\":1,\"name\":\"In\u00edcio\",\"item\":\"https:\\\/\\\/portalincluir.com.br\\\/\"},{\"@type\":\"ListItem\",\"position\":2,\"name\":\"Cuidado com a educa\u00e7\u00e3o permissiva\"}]},{\"@type\":\"WebSite\",\"@id\":\"https:\\\/\\\/portalincluir.com.br\\\/#website\",\"url\":\"https:\\\/\\\/portalincluir.com.br\\\/\",\"name\":\"PORTAL INCLUIR\",\"description\":\"\",\"potentialAction\":[{\"@type\":\"SearchAction\",\"target\":{\"@type\":\"EntryPoint\",\"urlTemplate\":\"https:\\\/\\\/portalincluir.com.br\\\/?s={search_term_string}\"},\"query-input\":{\"@type\":\"PropertyValueSpecification\",\"valueRequired\":true,\"valueName\":\"search_term_string\"}}],\"inLanguage\":\"pt-BR\"},{\"@type\":\"Person\",\"@id\":\"https:\\\/\\\/portalincluir.com.br\\\/#\\\/schema\\\/person\\\/8823664e5902eee555607fb75c4c35ae\",\"name\":\"Portal Incluir\",\"image\":{\"@type\":\"ImageObject\",\"inLanguage\":\"pt-BR\",\"@id\":\"https:\\\/\\\/secure.gravatar.com\\\/avatar\\\/12085fe17e70c3550551519fe1f8f51fae69b1748563a47fc3bea53d91fbcbbd?s=96&d=mm&r=g\",\"url\":\"https:\\\/\\\/secure.gravatar.com\\\/avatar\\\/12085fe17e70c3550551519fe1f8f51fae69b1748563a47fc3bea53d91fbcbbd?s=96&d=mm&r=g\",\"contentUrl\":\"https:\\\/\\\/secure.gravatar.com\\\/avatar\\\/12085fe17e70c3550551519fe1f8f51fae69b1748563a47fc3bea53d91fbcbbd?s=96&d=mm&r=g\",\"caption\":\"Portal Incluir\"},\"sameAs\":[\"http:\\\/\\\/portalincluir.com.br\"],\"url\":\"https:\\\/\\\/portalincluir.com.br\\\/index.php\\\/author\\\/portalincluir-com-br\\\/\"}]}<\/script>\n<!-- \/ Yoast SEO plugin. -->","yoast_head_json":{"title":"Cuidado com a educa\u00e7\u00e3o permissiva - PORTAL INCLUIR","robots":{"index":"index","follow":"follow","max-snippet":"max-snippet:-1","max-image-preview":"max-image-preview:large","max-video-preview":"max-video-preview:-1"},"canonical":"https:\/\/portalincluir.com.br\/index.php\/2026\/01\/23\/cuidado-com-a-educacao-permissiva\/","og_locale":"pt_BR","og_type":"article","og_title":"Cuidado com a educa\u00e7\u00e3o permissiva - PORTAL INCLUIR","og_description":"Nos \u00faltimos anos, a discuss\u00e3o sobre m\u00e9todos de educar crian\u00e7as tem ganhado destaque, especialmente no","og_url":"https:\/\/portalincluir.com.br\/index.php\/2026\/01\/23\/cuidado-com-a-educacao-permissiva\/","og_site_name":"PORTAL INCLUIR","article_published_time":"2026-01-24T00:43:42+00:00","article_modified_time":"2026-01-27T21:35:20+00:00","og_image":[{"width":1066,"height":1020,"url":"https:\/\/portalincluir.com.br\/wp-content\/uploads\/2026\/01\/julio-e1769215402771.jpeg","type":"image\/jpeg"}],"author":"Portal Incluir","twitter_card":"summary_large_image","twitter_misc":{"Escrito por":"Portal Incluir","Est. tempo de leitura":"3 minutos"},"schema":{"@context":"https:\/\/schema.org","@graph":[{"@type":["Article","BlogPosting"],"@id":"https:\/\/portalincluir.com.br\/index.php\/2026\/01\/23\/cuidado-com-a-educacao-permissiva\/#article","isPartOf":{"@id":"https:\/\/portalincluir.com.br\/index.php\/2026\/01\/23\/cuidado-com-a-educacao-permissiva\/"},"author":{"name":"Portal Incluir","@id":"https:\/\/portalincluir.com.br\/#\/schema\/person\/8823664e5902eee555607fb75c4c35ae"},"headline":"Cuidado com a educa\u00e7\u00e3o permissiva","datePublished":"2026-01-24T00:43:42+00:00","dateModified":"2026-01-27T21:35:20+00:00","mainEntityOfPage":{"@id":"https:\/\/portalincluir.com.br\/index.php\/2026\/01\/23\/cuidado-com-a-educacao-permissiva\/"},"wordCount":468,"commentCount":0,"image":{"@id":"https:\/\/portalincluir.com.br\/index.php\/2026\/01\/23\/cuidado-com-a-educacao-permissiva\/#primaryimage"},"thumbnailUrl":"https:\/\/portalincluir.com.br\/wp-content\/uploads\/2026\/01\/julio-e1769215402771.jpeg","articleSection":["Opini\u00e3o"],"inLanguage":"pt-BR","potentialAction":[{"@type":"CommentAction","name":"Comment","target":["https:\/\/portalincluir.com.br\/index.php\/2026\/01\/23\/cuidado-com-a-educacao-permissiva\/#respond"]}]},{"@type":"WebPage","@id":"https:\/\/portalincluir.com.br\/index.php\/2026\/01\/23\/cuidado-com-a-educacao-permissiva\/","url":"https:\/\/portalincluir.com.br\/index.php\/2026\/01\/23\/cuidado-com-a-educacao-permissiva\/","name":"Cuidado com a educa\u00e7\u00e3o permissiva - PORTAL INCLUIR","isPartOf":{"@id":"https:\/\/portalincluir.com.br\/#website"},"primaryImageOfPage":{"@id":"https:\/\/portalincluir.com.br\/index.php\/2026\/01\/23\/cuidado-com-a-educacao-permissiva\/#primaryimage"},"image":{"@id":"https:\/\/portalincluir.com.br\/index.php\/2026\/01\/23\/cuidado-com-a-educacao-permissiva\/#primaryimage"},"thumbnailUrl":"https:\/\/portalincluir.com.br\/wp-content\/uploads\/2026\/01\/julio-e1769215402771.jpeg","datePublished":"2026-01-24T00:43:42+00:00","dateModified":"2026-01-27T21:35:20+00:00","author":{"@id":"https:\/\/portalincluir.com.br\/#\/schema\/person\/8823664e5902eee555607fb75c4c35ae"},"breadcrumb":{"@id":"https:\/\/portalincluir.com.br\/index.php\/2026\/01\/23\/cuidado-com-a-educacao-permissiva\/#breadcrumb"},"inLanguage":"pt-BR","potentialAction":[{"@type":"ReadAction","target":["https:\/\/portalincluir.com.br\/index.php\/2026\/01\/23\/cuidado-com-a-educacao-permissiva\/"]}]},{"@type":"ImageObject","inLanguage":"pt-BR","@id":"https:\/\/portalincluir.com.br\/index.php\/2026\/01\/23\/cuidado-com-a-educacao-permissiva\/#primaryimage","url":"https:\/\/portalincluir.com.br\/wp-content\/uploads\/2026\/01\/julio-e1769215402771.jpeg","contentUrl":"https:\/\/portalincluir.com.br\/wp-content\/uploads\/2026\/01\/julio-e1769215402771.jpeg","width":1066,"height":1020},{"@type":"BreadcrumbList","@id":"https:\/\/portalincluir.com.br\/index.php\/2026\/01\/23\/cuidado-com-a-educacao-permissiva\/#breadcrumb","itemListElement":[{"@type":"ListItem","position":1,"name":"In\u00edcio","item":"https:\/\/portalincluir.com.br\/"},{"@type":"ListItem","position":2,"name":"Cuidado com a educa\u00e7\u00e3o permissiva"}]},{"@type":"WebSite","@id":"https:\/\/portalincluir.com.br\/#website","url":"https:\/\/portalincluir.com.br\/","name":"PORTAL INCLUIR","description":"","potentialAction":[{"@type":"SearchAction","target":{"@type":"EntryPoint","urlTemplate":"https:\/\/portalincluir.com.br\/?s={search_term_string}"},"query-input":{"@type":"PropertyValueSpecification","valueRequired":true,"valueName":"search_term_string"}}],"inLanguage":"pt-BR"},{"@type":"Person","@id":"https:\/\/portalincluir.com.br\/#\/schema\/person\/8823664e5902eee555607fb75c4c35ae","name":"Portal Incluir","image":{"@type":"ImageObject","inLanguage":"pt-BR","@id":"https:\/\/secure.gravatar.com\/avatar\/12085fe17e70c3550551519fe1f8f51fae69b1748563a47fc3bea53d91fbcbbd?s=96&d=mm&r=g","url":"https:\/\/secure.gravatar.com\/avatar\/12085fe17e70c3550551519fe1f8f51fae69b1748563a47fc3bea53d91fbcbbd?s=96&d=mm&r=g","contentUrl":"https:\/\/secure.gravatar.com\/avatar\/12085fe17e70c3550551519fe1f8f51fae69b1748563a47fc3bea53d91fbcbbd?s=96&d=mm&r=g","caption":"Portal Incluir"},"sameAs":["http:\/\/portalincluir.com.br"],"url":"https:\/\/portalincluir.com.br\/index.php\/author\/portalincluir-com-br\/"}]}},"_links":{"self":[{"href":"https:\/\/portalincluir.com.br\/index.php\/wp-json\/wp\/v2\/posts\/887","targetHints":{"allow":["GET"]}}],"collection":[{"href":"https:\/\/portalincluir.com.br\/index.php\/wp-json\/wp\/v2\/posts"}],"about":[{"href":"https:\/\/portalincluir.com.br\/index.php\/wp-json\/wp\/v2\/types\/post"}],"author":[{"embeddable":true,"href":"https:\/\/portalincluir.com.br\/index.php\/wp-json\/wp\/v2\/users\/1"}],"replies":[{"embeddable":true,"href":"https:\/\/portalincluir.com.br\/index.php\/wp-json\/wp\/v2\/comments?post=887"}],"version-history":[{"count":1,"href":"https:\/\/portalincluir.com.br\/index.php\/wp-json\/wp\/v2\/posts\/887\/revisions"}],"predecessor-version":[{"id":889,"href":"https:\/\/portalincluir.com.br\/index.php\/wp-json\/wp\/v2\/posts\/887\/revisions\/889"}],"wp:featuredmedia":[{"embeddable":true,"href":"https:\/\/portalincluir.com.br\/index.php\/wp-json\/wp\/v2\/media\/888"}],"wp:attachment":[{"href":"https:\/\/portalincluir.com.br\/index.php\/wp-json\/wp\/v2\/media?parent=887"}],"wp:term":[{"taxonomy":"category","embeddable":true,"href":"https:\/\/portalincluir.com.br\/index.php\/wp-json\/wp\/v2\/categories?post=887"},{"taxonomy":"post_tag","embeddable":true,"href":"https:\/\/portalincluir.com.br\/index.php\/wp-json\/wp\/v2\/tags?post=887"}],"curies":[{"name":"wp","href":"https:\/\/api.w.org\/{rel}","templated":true}]}}