{"id":891,"date":"2026-01-26T16:32:39","date_gmt":"2026-01-26T19:32:39","guid":{"rendered":"https:\/\/portalincluir.com.br\/?p=891"},"modified":"2026-01-26T16:33:47","modified_gmt":"2026-01-26T19:33:47","slug":"a-alimentacao-das-criancas-com-sindrome-de-down-vai-muito-alem-do-prato","status":"publish","type":"post","link":"https:\/\/portalincluir.com.br\/index.php\/2026\/01\/26\/a-alimentacao-das-criancas-com-sindrome-de-down-vai-muito-alem-do-prato\/","title":{"rendered":"A alimenta\u00e7\u00e3o das crian\u00e7as com S\u00edndrome de Down vai muito al\u00e9m do prato"},"content":{"rendered":"\n<p>A alimenta\u00e7\u00e3o de crian\u00e7as com Trissomia 21 (T21) deixou de ser apenas uma quest\u00e3o de crescimento f\u00edsico para se tornar uma prioridade no neurodesenvolvimento. O alerta vem da nutricionista\u00a0<strong>Luciana Carvalho<\/strong>\u00a0, especialista na \u00e1rea, que aponta como as escolhas alimentares di\u00e1rias podem influenciar diretamente a capacidade cognitiva, o humor e a autonomia desses indiv\u00edduos.<\/p>\n\n\n\n<h3 class=\"wp-block-heading\">O risco de obesidade e impacto metab\u00f3lico<\/h3>\n\n\n\n<p>Dados atuais revelam um cen\u00e1rio de aten\u00e7\u00e3o: o baixo consumo de alimentos&nbsp;<em>in natura<\/em>&nbsp;(frutas, vegetais e prote\u00ednas de qualidade), somado ao sedentarismo, tem elevado os \u00edndices de obesidade na popula\u00e7\u00e3o com T21.<\/p>\n\n\n\n<p>No entanto, Luciana Carvalho sublinha que a preocupa\u00e7\u00e3o n\u00e3o deve ser apenas est\u00e9tica. \u201cNa Trissomia 21, j\u00e1 existe uma vulnerabilidade metab\u00f3lica, inflamat\u00f3ria e oxidativa natural. Quando a base alimentar \u00e9 pobre, esses preju\u00edzos no desenvolvimento funcional e cognitivo podem ser intensificados ao longo da inf\u00e2ncia\u201d, explica o especialista.<\/p>\n\n\n\n<h3 class=\"wp-block-heading\">O eixo Intestino-C\u00e9rebro<\/h3>\n\n\n\n<p>Um dos pontos centrais do alerta \u00e9 a conex\u00e3o entre a sa\u00fade intestinal e o c\u00e9rebro. Uma dieta cuidadosa de nutrientes essenciais exige \u00e1reas espec\u00edficas para o aprendizado e a conviv\u00eancia social, afetando:<\/p>\n\n\n\n<ul class=\"wp-block-list\">\n<li><strong>Conex\u00f5es Neurais:<\/strong>\u00a0A forma\u00e7\u00e3o e manuten\u00e7\u00e3o das redes que processam informa\u00e7\u00f5es.<\/li>\n\n\n\n<li><strong>Neurotransmissores:<\/strong>\u00a0Subst\u00e2ncias qu\u00edmicas essenciais para o foco e a cogni\u00e7\u00e3o.<\/li>\n\n\n\n<li><strong>Equil\u00edbrio Emocional:<\/strong>\u00a0O controle do comportamento e a estabilidade do humor.<\/li>\n<\/ul>\n\n\n\n<blockquote class=\"wp-block-quote is-layout-flow wp-block-quote-is-layout-flow\">\n<p>\u201cN\u00e3o estamos falando de perfei\u00e7\u00e3o alimentar ou dietas restritivas punitivas, mas de uma nutri\u00e7\u00e3o individualizada e poss\u00edvel\u201d, afirma Luciana.<\/p>\n<\/blockquote>\n\n\n\n<h3 class=\"wp-block-heading\">Um convite \u00e0 parceria familiar<\/h3>\n\n\n\n<p>O Portal Incluir refor\u00e7a que o papel da fam\u00edlia n\u00e3o \u00e9 de vigil\u00e2ncia, mas de constru\u00e7\u00e3o de h\u00e1bitos. A proposta do nutricionista \u00e9 que a alimenta\u00e7\u00e3o seja constru\u00edda respeitando a realidade de cada n\u00facleo familiar, garantindo que a crian\u00e7a receba o suporte necess\u00e1rio para florescer em seu potencial m\u00e1ximo.<\/p>\n\n\n\n<p>Para pais e cuidadores, fica o convite \u00e0 reflex\u00e3o: o que chega ao prato hoje est\u00e1 nutrindo apenas o corpo ou tamb\u00e9m o futuro e a mente do seu filho?<\/p>\n","protected":false},"excerpt":{"rendered":"<p>A alimenta\u00e7\u00e3o de crian\u00e7as com Trissomia 21 (T21) deixou de ser apenas uma quest\u00e3o de<\/p>\n","protected":false},"author":1,"featured_media":892,"comment_status":"open","ping_status":"open","sticky":false,"template":"","format":"standard","meta":{"om_disable_all_campaigns":false,"_monsterinsights_skip_tracking":false,"_monsterinsights_sitenote_active":false,"_monsterinsights_sitenote_note":"","_monsterinsights_sitenote_category":0,"_uf_show_specific_survey":0,"_uf_disable_surveys":false,"footnotes":""},"categories":[9,7],"tags":[],"class_list":["post-891","post","type-post","status-publish","format-standard","has-post-thumbnail","hentry","category-noticias","category-t21"],"yoast_head":"<!-- This site is optimized with the Yoast SEO plugin v27.4 - https:\/\/yoast.com\/product\/yoast-seo-wordpress\/ -->\n<title>A alimenta\u00e7\u00e3o das crian\u00e7as com S\u00edndrome de Down vai muito al\u00e9m do prato - PORTAL INCLUIR<\/title>\n<meta name=\"robots\" content=\"index, follow, max-snippet:-1, max-image-preview:large, max-video-preview:-1\" \/>\n<link rel=\"canonical\" href=\"https:\/\/portalincluir.com.br\/index.php\/2026\/01\/26\/a-alimentacao-das-criancas-com-sindrome-de-down-vai-muito-alem-do-prato\/\" \/>\n<meta property=\"og:locale\" content=\"pt_BR\" \/>\n<meta property=\"og:type\" content=\"article\" \/>\n<meta property=\"og:title\" content=\"A alimenta\u00e7\u00e3o das crian\u00e7as com S\u00edndrome de Down vai muito al\u00e9m do prato - PORTAL INCLUIR\" \/>\n<meta property=\"og:description\" content=\"A alimenta\u00e7\u00e3o de crian\u00e7as com Trissomia 21 (T21) deixou de ser apenas uma quest\u00e3o de\" \/>\n<meta property=\"og:url\" content=\"https:\/\/portalincluir.com.br\/index.php\/2026\/01\/26\/a-alimentacao-das-criancas-com-sindrome-de-down-vai-muito-alem-do-prato\/\" \/>\n<meta property=\"og:site_name\" content=\"PORTAL INCLUIR\" \/>\n<meta property=\"article:published_time\" content=\"2026-01-26T19:32:39+00:00\" \/>\n<meta property=\"article:modified_time\" content=\"2026-01-26T19:33:47+00:00\" \/>\n<meta property=\"og:image\" content=\"https:\/\/portalincluir.com.br\/wp-content\/uploads\/2026\/01\/IMG_3866.j-1017x1202p9g.jpg\" \/>\n\t<meta property=\"og:image:width\" content=\"1017\" \/>\n\t<meta property=\"og:image:height\" content=\"735\" \/>\n\t<meta property=\"og:image:type\" content=\"image\/jpeg\" \/>\n<meta name=\"author\" content=\"Portal Incluir\" \/>\n<meta name=\"twitter:card\" content=\"summary_large_image\" \/>\n<meta name=\"twitter:label1\" content=\"Escrito por\" \/>\n\t<meta name=\"twitter:data1\" content=\"Portal Incluir\" \/>\n\t<meta name=\"twitter:label2\" content=\"Est. tempo de leitura\" \/>\n\t<meta name=\"twitter:data2\" content=\"2 minutos\" \/>\n<script type=\"application\/ld+json\" class=\"yoast-schema-graph\">{\"@context\":\"https:\\\/\\\/schema.org\",\"@graph\":[{\"@type\":[\"Article\",\"BlogPosting\"],\"@id\":\"https:\\\/\\\/portalincluir.com.br\\\/index.php\\\/2026\\\/01\\\/26\\\/a-alimentacao-das-criancas-com-sindrome-de-down-vai-muito-alem-do-prato\\\/#article\",\"isPartOf\":{\"@id\":\"https:\\\/\\\/portalincluir.com.br\\\/index.php\\\/2026\\\/01\\\/26\\\/a-alimentacao-das-criancas-com-sindrome-de-down-vai-muito-alem-do-prato\\\/\"},\"author\":{\"name\":\"Portal Incluir\",\"@id\":\"https:\\\/\\\/portalincluir.com.br\\\/#\\\/schema\\\/person\\\/8823664e5902eee555607fb75c4c35ae\"},\"headline\":\"A alimenta\u00e7\u00e3o das crian\u00e7as com S\u00edndrome de Down vai muito al\u00e9m do prato\",\"datePublished\":\"2026-01-26T19:32:39+00:00\",\"dateModified\":\"2026-01-26T19:33:47+00:00\",\"mainEntityOfPage\":{\"@id\":\"https:\\\/\\\/portalincluir.com.br\\\/index.php\\\/2026\\\/01\\\/26\\\/a-alimentacao-das-criancas-com-sindrome-de-down-vai-muito-alem-do-prato\\\/\"},\"wordCount\":374,\"commentCount\":0,\"image\":{\"@id\":\"https:\\\/\\\/portalincluir.com.br\\\/index.php\\\/2026\\\/01\\\/26\\\/a-alimentacao-das-criancas-com-sindrome-de-down-vai-muito-alem-do-prato\\\/#primaryimage\"},\"thumbnailUrl\":\"https:\\\/\\\/portalincluir.com.br\\\/wp-content\\\/uploads\\\/2026\\\/01\\\/IMG_3866.j-1017x1202p9g.jpg\",\"articleSection\":[\"Not\u00edcias\",\"T21\"],\"inLanguage\":\"pt-BR\",\"potentialAction\":[{\"@type\":\"CommentAction\",\"name\":\"Comment\",\"target\":[\"https:\\\/\\\/portalincluir.com.br\\\/index.php\\\/2026\\\/01\\\/26\\\/a-alimentacao-das-criancas-com-sindrome-de-down-vai-muito-alem-do-prato\\\/#respond\"]}]},{\"@type\":\"WebPage\",\"@id\":\"https:\\\/\\\/portalincluir.com.br\\\/index.php\\\/2026\\\/01\\\/26\\\/a-alimentacao-das-criancas-com-sindrome-de-down-vai-muito-alem-do-prato\\\/\",\"url\":\"https:\\\/\\\/portalincluir.com.br\\\/index.php\\\/2026\\\/01\\\/26\\\/a-alimentacao-das-criancas-com-sindrome-de-down-vai-muito-alem-do-prato\\\/\",\"name\":\"A alimenta\u00e7\u00e3o das crian\u00e7as com S\u00edndrome de Down vai muito al\u00e9m do prato - PORTAL INCLUIR\",\"isPartOf\":{\"@id\":\"https:\\\/\\\/portalincluir.com.br\\\/#website\"},\"primaryImageOfPage\":{\"@id\":\"https:\\\/\\\/portalincluir.com.br\\\/index.php\\\/2026\\\/01\\\/26\\\/a-alimentacao-das-criancas-com-sindrome-de-down-vai-muito-alem-do-prato\\\/#primaryimage\"},\"image\":{\"@id\":\"https:\\\/\\\/portalincluir.com.br\\\/index.php\\\/2026\\\/01\\\/26\\\/a-alimentacao-das-criancas-com-sindrome-de-down-vai-muito-alem-do-prato\\\/#primaryimage\"},\"thumbnailUrl\":\"https:\\\/\\\/portalincluir.com.br\\\/wp-content\\\/uploads\\\/2026\\\/01\\\/IMG_3866.j-1017x1202p9g.jpg\",\"datePublished\":\"2026-01-26T19:32:39+00:00\",\"dateModified\":\"2026-01-26T19:33:47+00:00\",\"author\":{\"@id\":\"https:\\\/\\\/portalincluir.com.br\\\/#\\\/schema\\\/person\\\/8823664e5902eee555607fb75c4c35ae\"},\"breadcrumb\":{\"@id\":\"https:\\\/\\\/portalincluir.com.br\\\/index.php\\\/2026\\\/01\\\/26\\\/a-alimentacao-das-criancas-com-sindrome-de-down-vai-muito-alem-do-prato\\\/#breadcrumb\"},\"inLanguage\":\"pt-BR\",\"potentialAction\":[{\"@type\":\"ReadAction\",\"target\":[\"https:\\\/\\\/portalincluir.com.br\\\/index.php\\\/2026\\\/01\\\/26\\\/a-alimentacao-das-criancas-com-sindrome-de-down-vai-muito-alem-do-prato\\\/\"]}]},{\"@type\":\"ImageObject\",\"inLanguage\":\"pt-BR\",\"@id\":\"https:\\\/\\\/portalincluir.com.br\\\/index.php\\\/2026\\\/01\\\/26\\\/a-alimentacao-das-criancas-com-sindrome-de-down-vai-muito-alem-do-prato\\\/#primaryimage\",\"url\":\"https:\\\/\\\/portalincluir.com.br\\\/wp-content\\\/uploads\\\/2026\\\/01\\\/IMG_3866.j-1017x1202p9g.jpg\",\"contentUrl\":\"https:\\\/\\\/portalincluir.com.br\\\/wp-content\\\/uploads\\\/2026\\\/01\\\/IMG_3866.j-1017x1202p9g.jpg\",\"width\":1017,\"height\":735},{\"@type\":\"BreadcrumbList\",\"@id\":\"https:\\\/\\\/portalincluir.com.br\\\/index.php\\\/2026\\\/01\\\/26\\\/a-alimentacao-das-criancas-com-sindrome-de-down-vai-muito-alem-do-prato\\\/#breadcrumb\",\"itemListElement\":[{\"@type\":\"ListItem\",\"position\":1,\"name\":\"In\u00edcio\",\"item\":\"https:\\\/\\\/portalincluir.com.br\\\/\"},{\"@type\":\"ListItem\",\"position\":2,\"name\":\"A alimenta\u00e7\u00e3o das crian\u00e7as com S\u00edndrome de Down vai muito al\u00e9m do prato\"}]},{\"@type\":\"WebSite\",\"@id\":\"https:\\\/\\\/portalincluir.com.br\\\/#website\",\"url\":\"https:\\\/\\\/portalincluir.com.br\\\/\",\"name\":\"PORTAL INCLUIR\",\"description\":\"\",\"potentialAction\":[{\"@type\":\"SearchAction\",\"target\":{\"@type\":\"EntryPoint\",\"urlTemplate\":\"https:\\\/\\\/portalincluir.com.br\\\/?s={search_term_string}\"},\"query-input\":{\"@type\":\"PropertyValueSpecification\",\"valueRequired\":true,\"valueName\":\"search_term_string\"}}],\"inLanguage\":\"pt-BR\"},{\"@type\":\"Person\",\"@id\":\"https:\\\/\\\/portalincluir.com.br\\\/#\\\/schema\\\/person\\\/8823664e5902eee555607fb75c4c35ae\",\"name\":\"Portal Incluir\",\"image\":{\"@type\":\"ImageObject\",\"inLanguage\":\"pt-BR\",\"@id\":\"https:\\\/\\\/secure.gravatar.com\\\/avatar\\\/12085fe17e70c3550551519fe1f8f51fae69b1748563a47fc3bea53d91fbcbbd?s=96&d=mm&r=g\",\"url\":\"https:\\\/\\\/secure.gravatar.com\\\/avatar\\\/12085fe17e70c3550551519fe1f8f51fae69b1748563a47fc3bea53d91fbcbbd?s=96&d=mm&r=g\",\"contentUrl\":\"https:\\\/\\\/secure.gravatar.com\\\/avatar\\\/12085fe17e70c3550551519fe1f8f51fae69b1748563a47fc3bea53d91fbcbbd?s=96&d=mm&r=g\",\"caption\":\"Portal Incluir\"},\"sameAs\":[\"http:\\\/\\\/portalincluir.com.br\"],\"url\":\"https:\\\/\\\/portalincluir.com.br\\\/index.php\\\/author\\\/portalincluir-com-br\\\/\"}]}<\/script>\n<!-- \/ Yoast SEO plugin. -->","yoast_head_json":{"title":"A alimenta\u00e7\u00e3o das crian\u00e7as com S\u00edndrome de Down vai muito al\u00e9m do prato - PORTAL INCLUIR","robots":{"index":"index","follow":"follow","max-snippet":"max-snippet:-1","max-image-preview":"max-image-preview:large","max-video-preview":"max-video-preview:-1"},"canonical":"https:\/\/portalincluir.com.br\/index.php\/2026\/01\/26\/a-alimentacao-das-criancas-com-sindrome-de-down-vai-muito-alem-do-prato\/","og_locale":"pt_BR","og_type":"article","og_title":"A alimenta\u00e7\u00e3o das crian\u00e7as com S\u00edndrome de Down vai muito al\u00e9m do prato - PORTAL INCLUIR","og_description":"A alimenta\u00e7\u00e3o de crian\u00e7as com Trissomia 21 (T21) deixou de ser apenas uma quest\u00e3o de","og_url":"https:\/\/portalincluir.com.br\/index.php\/2026\/01\/26\/a-alimentacao-das-criancas-com-sindrome-de-down-vai-muito-alem-do-prato\/","og_site_name":"PORTAL INCLUIR","article_published_time":"2026-01-26T19:32:39+00:00","article_modified_time":"2026-01-26T19:33:47+00:00","og_image":[{"width":1017,"height":735,"url":"https:\/\/portalincluir.com.br\/wp-content\/uploads\/2026\/01\/IMG_3866.j-1017x1202p9g.jpg","type":"image\/jpeg"}],"author":"Portal Incluir","twitter_card":"summary_large_image","twitter_misc":{"Escrito por":"Portal Incluir","Est. tempo de leitura":"2 minutos"},"schema":{"@context":"https:\/\/schema.org","@graph":[{"@type":["Article","BlogPosting"],"@id":"https:\/\/portalincluir.com.br\/index.php\/2026\/01\/26\/a-alimentacao-das-criancas-com-sindrome-de-down-vai-muito-alem-do-prato\/#article","isPartOf":{"@id":"https:\/\/portalincluir.com.br\/index.php\/2026\/01\/26\/a-alimentacao-das-criancas-com-sindrome-de-down-vai-muito-alem-do-prato\/"},"author":{"name":"Portal Incluir","@id":"https:\/\/portalincluir.com.br\/#\/schema\/person\/8823664e5902eee555607fb75c4c35ae"},"headline":"A alimenta\u00e7\u00e3o das crian\u00e7as com S\u00edndrome de Down vai muito al\u00e9m do prato","datePublished":"2026-01-26T19:32:39+00:00","dateModified":"2026-01-26T19:33:47+00:00","mainEntityOfPage":{"@id":"https:\/\/portalincluir.com.br\/index.php\/2026\/01\/26\/a-alimentacao-das-criancas-com-sindrome-de-down-vai-muito-alem-do-prato\/"},"wordCount":374,"commentCount":0,"image":{"@id":"https:\/\/portalincluir.com.br\/index.php\/2026\/01\/26\/a-alimentacao-das-criancas-com-sindrome-de-down-vai-muito-alem-do-prato\/#primaryimage"},"thumbnailUrl":"https:\/\/portalincluir.com.br\/wp-content\/uploads\/2026\/01\/IMG_3866.j-1017x1202p9g.jpg","articleSection":["Not\u00edcias","T21"],"inLanguage":"pt-BR","potentialAction":[{"@type":"CommentAction","name":"Comment","target":["https:\/\/portalincluir.com.br\/index.php\/2026\/01\/26\/a-alimentacao-das-criancas-com-sindrome-de-down-vai-muito-alem-do-prato\/#respond"]}]},{"@type":"WebPage","@id":"https:\/\/portalincluir.com.br\/index.php\/2026\/01\/26\/a-alimentacao-das-criancas-com-sindrome-de-down-vai-muito-alem-do-prato\/","url":"https:\/\/portalincluir.com.br\/index.php\/2026\/01\/26\/a-alimentacao-das-criancas-com-sindrome-de-down-vai-muito-alem-do-prato\/","name":"A alimenta\u00e7\u00e3o das crian\u00e7as com S\u00edndrome de Down vai muito al\u00e9m do prato - PORTAL INCLUIR","isPartOf":{"@id":"https:\/\/portalincluir.com.br\/#website"},"primaryImageOfPage":{"@id":"https:\/\/portalincluir.com.br\/index.php\/2026\/01\/26\/a-alimentacao-das-criancas-com-sindrome-de-down-vai-muito-alem-do-prato\/#primaryimage"},"image":{"@id":"https:\/\/portalincluir.com.br\/index.php\/2026\/01\/26\/a-alimentacao-das-criancas-com-sindrome-de-down-vai-muito-alem-do-prato\/#primaryimage"},"thumbnailUrl":"https:\/\/portalincluir.com.br\/wp-content\/uploads\/2026\/01\/IMG_3866.j-1017x1202p9g.jpg","datePublished":"2026-01-26T19:32:39+00:00","dateModified":"2026-01-26T19:33:47+00:00","author":{"@id":"https:\/\/portalincluir.com.br\/#\/schema\/person\/8823664e5902eee555607fb75c4c35ae"},"breadcrumb":{"@id":"https:\/\/portalincluir.com.br\/index.php\/2026\/01\/26\/a-alimentacao-das-criancas-com-sindrome-de-down-vai-muito-alem-do-prato\/#breadcrumb"},"inLanguage":"pt-BR","potentialAction":[{"@type":"ReadAction","target":["https:\/\/portalincluir.com.br\/index.php\/2026\/01\/26\/a-alimentacao-das-criancas-com-sindrome-de-down-vai-muito-alem-do-prato\/"]}]},{"@type":"ImageObject","inLanguage":"pt-BR","@id":"https:\/\/portalincluir.com.br\/index.php\/2026\/01\/26\/a-alimentacao-das-criancas-com-sindrome-de-down-vai-muito-alem-do-prato\/#primaryimage","url":"https:\/\/portalincluir.com.br\/wp-content\/uploads\/2026\/01\/IMG_3866.j-1017x1202p9g.jpg","contentUrl":"https:\/\/portalincluir.com.br\/wp-content\/uploads\/2026\/01\/IMG_3866.j-1017x1202p9g.jpg","width":1017,"height":735},{"@type":"BreadcrumbList","@id":"https:\/\/portalincluir.com.br\/index.php\/2026\/01\/26\/a-alimentacao-das-criancas-com-sindrome-de-down-vai-muito-alem-do-prato\/#breadcrumb","itemListElement":[{"@type":"ListItem","position":1,"name":"In\u00edcio","item":"https:\/\/portalincluir.com.br\/"},{"@type":"ListItem","position":2,"name":"A alimenta\u00e7\u00e3o das crian\u00e7as com S\u00edndrome de Down vai muito al\u00e9m do prato"}]},{"@type":"WebSite","@id":"https:\/\/portalincluir.com.br\/#website","url":"https:\/\/portalincluir.com.br\/","name":"PORTAL INCLUIR","description":"","potentialAction":[{"@type":"SearchAction","target":{"@type":"EntryPoint","urlTemplate":"https:\/\/portalincluir.com.br\/?s={search_term_string}"},"query-input":{"@type":"PropertyValueSpecification","valueRequired":true,"valueName":"search_term_string"}}],"inLanguage":"pt-BR"},{"@type":"Person","@id":"https:\/\/portalincluir.com.br\/#\/schema\/person\/8823664e5902eee555607fb75c4c35ae","name":"Portal Incluir","image":{"@type":"ImageObject","inLanguage":"pt-BR","@id":"https:\/\/secure.gravatar.com\/avatar\/12085fe17e70c3550551519fe1f8f51fae69b1748563a47fc3bea53d91fbcbbd?s=96&d=mm&r=g","url":"https:\/\/secure.gravatar.com\/avatar\/12085fe17e70c3550551519fe1f8f51fae69b1748563a47fc3bea53d91fbcbbd?s=96&d=mm&r=g","contentUrl":"https:\/\/secure.gravatar.com\/avatar\/12085fe17e70c3550551519fe1f8f51fae69b1748563a47fc3bea53d91fbcbbd?s=96&d=mm&r=g","caption":"Portal Incluir"},"sameAs":["http:\/\/portalincluir.com.br"],"url":"https:\/\/portalincluir.com.br\/index.php\/author\/portalincluir-com-br\/"}]}},"_links":{"self":[{"href":"https:\/\/portalincluir.com.br\/index.php\/wp-json\/wp\/v2\/posts\/891","targetHints":{"allow":["GET"]}}],"collection":[{"href":"https:\/\/portalincluir.com.br\/index.php\/wp-json\/wp\/v2\/posts"}],"about":[{"href":"https:\/\/portalincluir.com.br\/index.php\/wp-json\/wp\/v2\/types\/post"}],"author":[{"embeddable":true,"href":"https:\/\/portalincluir.com.br\/index.php\/wp-json\/wp\/v2\/users\/1"}],"replies":[{"embeddable":true,"href":"https:\/\/portalincluir.com.br\/index.php\/wp-json\/wp\/v2\/comments?post=891"}],"version-history":[{"count":3,"href":"https:\/\/portalincluir.com.br\/index.php\/wp-json\/wp\/v2\/posts\/891\/revisions"}],"predecessor-version":[{"id":896,"href":"https:\/\/portalincluir.com.br\/index.php\/wp-json\/wp\/v2\/posts\/891\/revisions\/896"}],"wp:featuredmedia":[{"embeddable":true,"href":"https:\/\/portalincluir.com.br\/index.php\/wp-json\/wp\/v2\/media\/892"}],"wp:attachment":[{"href":"https:\/\/portalincluir.com.br\/index.php\/wp-json\/wp\/v2\/media?parent=891"}],"wp:term":[{"taxonomy":"category","embeddable":true,"href":"https:\/\/portalincluir.com.br\/index.php\/wp-json\/wp\/v2\/categories?post=891"},{"taxonomy":"post_tag","embeddable":true,"href":"https:\/\/portalincluir.com.br\/index.php\/wp-json\/wp\/v2\/tags?post=891"}],"curies":[{"name":"wp","href":"https:\/\/api.w.org\/{rel}","templated":true}]}}