{"id":897,"date":"2026-01-26T20:07:38","date_gmt":"2026-01-26T23:07:38","guid":{"rendered":"https:\/\/portalincluir.com.br\/?p=897"},"modified":"2026-01-26T20:07:38","modified_gmt":"2026-01-26T23:07:38","slug":"alem-do-asfalto-o-erro-invisivel-nas-placas-que-exclui-milhares-de-cidadaos","status":"publish","type":"post","link":"https:\/\/portalincluir.com.br\/index.php\/2026\/01\/26\/alem-do-asfalto-o-erro-invisivel-nas-placas-que-exclui-milhares-de-cidadaos\/","title":{"rendered":"AL\u00c9M DO ASFALTO: O erro invis\u00edvel nas placas que exclui milhares de cidad\u00e3os"},"content":{"rendered":"\n<p>Basta circular pelas principais avenidas das cidades brasileiras para notar: a sinaliza\u00e7\u00e3o de tr\u00e2nsito, que deveria ser um instrumento de ordem e inclus\u00e3o, tornou-se um retrato do atraso. Em Vit\u00f3ria da Conquista, assim como em diversos munic\u00edpios do pa\u00eds, o poder p\u00fablico ignora a evolu\u00e7\u00e3o da legisla\u00e7\u00e3o e dignidade humana ao manter placas com nomenclaturas que a lei j\u00e1 enterrou h\u00e1 quase duas d\u00e9cadas.<\/p>\n\n\n\n<p><strong>O Erro que Segrega: Defici\u00eancia F\u00edsica n\u00e3o \u00e9 a \u00fanica<\/strong><\/p>\n\n\n\n<p>Ao estacionar em uma vaga reservada no centro de Vit\u00f3ria da Conquista, o cidad\u00e3o se depara com a frase: <strong>&#8220;Estacionamento para Deficiente F\u00edsico&#8221;<\/strong> . O erro aqui \u00e9 duplo: sem\u00e2ntico e jur\u00eddico.<\/p>\n\n\n\n<p>Primeiro, a express\u00e3o correta e atualizada \u00e9 <strong>Pessoa com Defici\u00eancia (PcD)<\/strong> . Termos como &#8220;Deficiente&#8221;, &#8220;PNE&#8221; (Pessoa com Necessidades Especiais) ou &#8220;Portador de Defici\u00eancia&#8221; s\u00e3o considerados pejorativos e ultrapassados. A defici\u00eancia n\u00e3o define o indiv\u00edduo; ela \u00e9 apenas uma de suas caracter\u00edsticas.<\/p>\n\n\n\n<p>Em segundo lugar, e mais grave, a sinaliza\u00e7\u00e3o atual sugere que apenas quem possui uma limita\u00e7\u00e3o motora vis\u00edvel tem direito ao espa\u00e7o. <strong>Isso \u00e9 falso.<\/strong> A legisla\u00e7\u00e3o federal garante o direito \u00e0 vaga para pessoas com:<\/p>\n\n\n\n<ul class=\"wp-block-list\">\n<li>D\u00edvidas intelectual;<\/li>\n\n\n\n<li>Transtorno do Espectro Autista (TEA);<\/li>\n\n\n\n<li>Defici\u00eancias sensoriais (visuais e auditivas);<\/li>\n\n\n\n<li>D\u00eds ocultas.<\/li>\n<\/ul>\n\n\n\n<p><em>\u201cQuando a prefeitura instala uma placa dizendo &#8216;Deficiente F\u00edsico&#8217;, ela est\u00e1, na pr\u00e1tica, desinformando a popula\u00e7\u00e3o e constrangendo um autista ou um deficiente visual, uma pessoa com T21, que tenta exercer seu direito leg\u00edtimo\u201d,<\/em> <em>e \u00e9 isso que vivo diariamente quando estou com minha filha parando em uma das vagas que ela tem direito.<\/em><\/p>\n\n\n\n<p><strong>O que diz a Lei e o &#8220;Esquecimento&#8221; P\u00fablico<\/strong><\/p>\n\n\n\n<figure class=\"wp-block-image alignright size-full is-resized\"><img loading=\"lazy\" decoding=\"async\" width=\"400\" height=\"400\" src=\"https:\/\/portalincluir.com.br\/wp-content\/uploads\/2026\/01\/jp.jpeg\" alt=\"\" class=\"wp-image-899\" style=\"width:202px;height:auto\" srcset=\"https:\/\/portalincluir.com.br\/wp-content\/uploads\/2026\/01\/jp.jpeg 400w, https:\/\/portalincluir.com.br\/wp-content\/uploads\/2026\/01\/jp-300x300.jpeg 300w, https:\/\/portalincluir.com.br\/wp-content\/uploads\/2026\/01\/jp-150x150.jpeg 150w\" sizes=\"auto, (max-width: 400px) 100vw, 400px\" \/><\/figure>\n\n\n\n<p>A <strong>Lei Brasileira de Inclus\u00e3o (LBI &#8211; Lei 13.146\/2015)<\/strong> e a <strong>Resolu\u00e7\u00e3o n\u00ba 965\/2022 do Contran<\/strong> s\u00e3o claras: o s\u00edmbolo deve ser o Desenho Universal (o pictograma branco sobre fundo azul) e a identifica\u00e7\u00e3o deve ser ampla.<\/p>\n\n\n\n<p>A insist\u00eancia em termos como \u201cPNE\u201d demonstra um descompasso administrativo. O termo \u201cNecessidades Especiais\u201d \u00e9 vago e foi substitu\u00eddo justamente para que as pol\u00edticas p\u00fablicas tenham um alvo certo: a elimina\u00e7\u00e3o de barreiras para a <strong>Pessoa com Defici\u00eancia<\/strong> .<\/p>\n\n\n\n<p>A den\u00fancia reside no fato de que o Poder P\u00fablico, que deveria ser o guardi\u00e3o da inclus\u00e3o, \u00e9 a primeira falha ao n\u00e3o atualizar seu parque de sinaliza\u00e7\u00e3o. Manter placas obsoletas n\u00e3o \u00e9 apenas uma quest\u00e3o de est\u00e9tica urbana; \u00e9 uma barreira comunicacional que refor\u00e7a o preconceito.<\/p>\n\n\n\n<p><strong>Inclus\u00e3o n\u00e3o \u00e9 favor, \u00e9 direito<\/strong><\/p>\n\n\n\n<p>A inclus\u00e3o real passa por todas as esferas. N\u00e3o basta construir uma rampa se a placa de sinaliza\u00e7\u00e3o excluir, pelo nome, quem tem direito de us\u00e1-la. Cidades como Vit\u00f3ria da Conquista precisam urgentemente de um mutir\u00e3o de atualiza\u00e7\u00e3o que respeite a Conven\u00e7\u00e3o da ONU sobre os Direitos das Pessoas com Defici\u00eancia.<\/p>\n\n\n\n<p><strong>A mensagem \u00e9 clara:<\/strong> a defici\u00eancia est\u00e1 nas barreiras do ambiente e na ignor\u00e2ncia das leis, n\u00e3o na pessoa. \u00c9 hora de os munic\u00edpios brasileiros trocarem o &#8220;atraso de metal&#8221; das placas pela dignidade do texto correto.<\/p>\n\n\n\n<p><strong>Por J\u00fanior Patente,<\/strong>&nbsp; jornalista h\u00e1 41 anos e pai at\u00edpico.<\/p>\n","protected":false},"excerpt":{"rendered":"<p>Basta circular pelas principais avenidas das cidades brasileiras para notar: a sinaliza\u00e7\u00e3o de tr\u00e2nsito, que<\/p>\n","protected":false},"author":1,"featured_media":898,"comment_status":"open","ping_status":"open","sticky":false,"template":"","format":"standard","meta":{"om_disable_all_campaigns":false,"_monsterinsights_skip_tracking":false,"_monsterinsights_sitenote_active":false,"_monsterinsights_sitenote_note":"","_monsterinsights_sitenote_category":0,"_uf_show_specific_survey":0,"_uf_disable_surveys":false,"footnotes":""},"categories":[21,1,7],"tags":[],"class_list":["post-897","post","type-post","status-publish","format-standard","has-post-thumbnail","hentry","category-opiniao","category-portal","category-t21"],"yoast_head":"<!-- This site is optimized with the Yoast SEO plugin v27.4 - https:\/\/yoast.com\/product\/yoast-seo-wordpress\/ -->\n<title>AL\u00c9M DO ASFALTO: O erro invis\u00edvel nas placas que exclui milhares de cidad\u00e3os - PORTAL INCLUIR<\/title>\n<meta name=\"robots\" content=\"index, follow, max-snippet:-1, max-image-preview:large, max-video-preview:-1\" \/>\n<link rel=\"canonical\" href=\"https:\/\/portalincluir.com.br\/index.php\/2026\/01\/26\/alem-do-asfalto-o-erro-invisivel-nas-placas-que-exclui-milhares-de-cidadaos\/\" \/>\n<meta property=\"og:locale\" content=\"pt_BR\" \/>\n<meta property=\"og:type\" content=\"article\" \/>\n<meta property=\"og:title\" content=\"AL\u00c9M DO ASFALTO: O erro invis\u00edvel nas placas que exclui milhares de cidad\u00e3os - PORTAL INCLUIR\" \/>\n<meta property=\"og:description\" content=\"Basta circular pelas principais avenidas das cidades brasileiras para notar: a sinaliza\u00e7\u00e3o de tr\u00e2nsito, que\" \/>\n<meta property=\"og:url\" content=\"https:\/\/portalincluir.com.br\/index.php\/2026\/01\/26\/alem-do-asfalto-o-erro-invisivel-nas-placas-que-exclui-milhares-de-cidadaos\/\" \/>\n<meta property=\"og:site_name\" content=\"PORTAL INCLUIR\" \/>\n<meta property=\"article:published_time\" content=\"2026-01-26T23:07:38+00:00\" \/>\n<meta property=\"og:image\" content=\"https:\/\/portalincluir.com.br\/wp-content\/uploads\/2026\/01\/WhatsApp-Image-2021-08-06-at-10.39.39-PAULO-MORAIS.png\" \/>\n\t<meta property=\"og:image:width\" content=\"1280\" \/>\n\t<meta property=\"og:image:height\" content=\"853\" \/>\n\t<meta property=\"og:image:type\" content=\"image\/png\" \/>\n<meta name=\"author\" content=\"Portal Incluir\" \/>\n<meta name=\"twitter:card\" content=\"summary_large_image\" \/>\n<meta name=\"twitter:label1\" content=\"Escrito por\" \/>\n\t<meta name=\"twitter:data1\" content=\"Portal Incluir\" \/>\n\t<meta name=\"twitter:label2\" content=\"Est. tempo de leitura\" \/>\n\t<meta name=\"twitter:data2\" content=\"4 minutos\" \/>\n<script type=\"application\/ld+json\" class=\"yoast-schema-graph\">{\"@context\":\"https:\\\/\\\/schema.org\",\"@graph\":[{\"@type\":[\"Article\",\"BlogPosting\"],\"@id\":\"https:\\\/\\\/portalincluir.com.br\\\/index.php\\\/2026\\\/01\\\/26\\\/alem-do-asfalto-o-erro-invisivel-nas-placas-que-exclui-milhares-de-cidadaos\\\/#article\",\"isPartOf\":{\"@id\":\"https:\\\/\\\/portalincluir.com.br\\\/index.php\\\/2026\\\/01\\\/26\\\/alem-do-asfalto-o-erro-invisivel-nas-placas-que-exclui-milhares-de-cidadaos\\\/\"},\"author\":{\"name\":\"Portal Incluir\",\"@id\":\"https:\\\/\\\/portalincluir.com.br\\\/#\\\/schema\\\/person\\\/8823664e5902eee555607fb75c4c35ae\"},\"headline\":\"AL\u00c9M DO ASFALTO: O erro invis\u00edvel nas placas que exclui milhares de cidad\u00e3os\",\"datePublished\":\"2026-01-26T23:07:38+00:00\",\"mainEntityOfPage\":{\"@id\":\"https:\\\/\\\/portalincluir.com.br\\\/index.php\\\/2026\\\/01\\\/26\\\/alem-do-asfalto-o-erro-invisivel-nas-placas-que-exclui-milhares-de-cidadaos\\\/\"},\"wordCount\":561,\"commentCount\":1,\"image\":{\"@id\":\"https:\\\/\\\/portalincluir.com.br\\\/index.php\\\/2026\\\/01\\\/26\\\/alem-do-asfalto-o-erro-invisivel-nas-placas-que-exclui-milhares-de-cidadaos\\\/#primaryimage\"},\"thumbnailUrl\":\"https:\\\/\\\/portalincluir.com.br\\\/wp-content\\\/uploads\\\/2026\\\/01\\\/WhatsApp-Image-2021-08-06-at-10.39.39-PAULO-MORAIS.png\",\"articleSection\":[\"Opini\u00e3o\",\"Portal\",\"T21\"],\"inLanguage\":\"pt-BR\",\"potentialAction\":[{\"@type\":\"CommentAction\",\"name\":\"Comment\",\"target\":[\"https:\\\/\\\/portalincluir.com.br\\\/index.php\\\/2026\\\/01\\\/26\\\/alem-do-asfalto-o-erro-invisivel-nas-placas-que-exclui-milhares-de-cidadaos\\\/#respond\"]}]},{\"@type\":\"WebPage\",\"@id\":\"https:\\\/\\\/portalincluir.com.br\\\/index.php\\\/2026\\\/01\\\/26\\\/alem-do-asfalto-o-erro-invisivel-nas-placas-que-exclui-milhares-de-cidadaos\\\/\",\"url\":\"https:\\\/\\\/portalincluir.com.br\\\/index.php\\\/2026\\\/01\\\/26\\\/alem-do-asfalto-o-erro-invisivel-nas-placas-que-exclui-milhares-de-cidadaos\\\/\",\"name\":\"AL\u00c9M DO ASFALTO: O erro invis\u00edvel nas placas que exclui milhares de cidad\u00e3os - PORTAL INCLUIR\",\"isPartOf\":{\"@id\":\"https:\\\/\\\/portalincluir.com.br\\\/#website\"},\"primaryImageOfPage\":{\"@id\":\"https:\\\/\\\/portalincluir.com.br\\\/index.php\\\/2026\\\/01\\\/26\\\/alem-do-asfalto-o-erro-invisivel-nas-placas-que-exclui-milhares-de-cidadaos\\\/#primaryimage\"},\"image\":{\"@id\":\"https:\\\/\\\/portalincluir.com.br\\\/index.php\\\/2026\\\/01\\\/26\\\/alem-do-asfalto-o-erro-invisivel-nas-placas-que-exclui-milhares-de-cidadaos\\\/#primaryimage\"},\"thumbnailUrl\":\"https:\\\/\\\/portalincluir.com.br\\\/wp-content\\\/uploads\\\/2026\\\/01\\\/WhatsApp-Image-2021-08-06-at-10.39.39-PAULO-MORAIS.png\",\"datePublished\":\"2026-01-26T23:07:38+00:00\",\"author\":{\"@id\":\"https:\\\/\\\/portalincluir.com.br\\\/#\\\/schema\\\/person\\\/8823664e5902eee555607fb75c4c35ae\"},\"breadcrumb\":{\"@id\":\"https:\\\/\\\/portalincluir.com.br\\\/index.php\\\/2026\\\/01\\\/26\\\/alem-do-asfalto-o-erro-invisivel-nas-placas-que-exclui-milhares-de-cidadaos\\\/#breadcrumb\"},\"inLanguage\":\"pt-BR\",\"potentialAction\":[{\"@type\":\"ReadAction\",\"target\":[\"https:\\\/\\\/portalincluir.com.br\\\/index.php\\\/2026\\\/01\\\/26\\\/alem-do-asfalto-o-erro-invisivel-nas-placas-que-exclui-milhares-de-cidadaos\\\/\"]}]},{\"@type\":\"ImageObject\",\"inLanguage\":\"pt-BR\",\"@id\":\"https:\\\/\\\/portalincluir.com.br\\\/index.php\\\/2026\\\/01\\\/26\\\/alem-do-asfalto-o-erro-invisivel-nas-placas-que-exclui-milhares-de-cidadaos\\\/#primaryimage\",\"url\":\"https:\\\/\\\/portalincluir.com.br\\\/wp-content\\\/uploads\\\/2026\\\/01\\\/WhatsApp-Image-2021-08-06-at-10.39.39-PAULO-MORAIS.png\",\"contentUrl\":\"https:\\\/\\\/portalincluir.com.br\\\/wp-content\\\/uploads\\\/2026\\\/01\\\/WhatsApp-Image-2021-08-06-at-10.39.39-PAULO-MORAIS.png\",\"width\":1280,\"height\":853},{\"@type\":\"BreadcrumbList\",\"@id\":\"https:\\\/\\\/portalincluir.com.br\\\/index.php\\\/2026\\\/01\\\/26\\\/alem-do-asfalto-o-erro-invisivel-nas-placas-que-exclui-milhares-de-cidadaos\\\/#breadcrumb\",\"itemListElement\":[{\"@type\":\"ListItem\",\"position\":1,\"name\":\"In\u00edcio\",\"item\":\"https:\\\/\\\/portalincluir.com.br\\\/\"},{\"@type\":\"ListItem\",\"position\":2,\"name\":\"AL\u00c9M DO ASFALTO: O erro invis\u00edvel nas placas que exclui milhares de cidad\u00e3os\"}]},{\"@type\":\"WebSite\",\"@id\":\"https:\\\/\\\/portalincluir.com.br\\\/#website\",\"url\":\"https:\\\/\\\/portalincluir.com.br\\\/\",\"name\":\"PORTAL INCLUIR\",\"description\":\"\",\"potentialAction\":[{\"@type\":\"SearchAction\",\"target\":{\"@type\":\"EntryPoint\",\"urlTemplate\":\"https:\\\/\\\/portalincluir.com.br\\\/?s={search_term_string}\"},\"query-input\":{\"@type\":\"PropertyValueSpecification\",\"valueRequired\":true,\"valueName\":\"search_term_string\"}}],\"inLanguage\":\"pt-BR\"},{\"@type\":\"Person\",\"@id\":\"https:\\\/\\\/portalincluir.com.br\\\/#\\\/schema\\\/person\\\/8823664e5902eee555607fb75c4c35ae\",\"name\":\"Portal Incluir\",\"image\":{\"@type\":\"ImageObject\",\"inLanguage\":\"pt-BR\",\"@id\":\"https:\\\/\\\/secure.gravatar.com\\\/avatar\\\/12085fe17e70c3550551519fe1f8f51fae69b1748563a47fc3bea53d91fbcbbd?s=96&d=mm&r=g\",\"url\":\"https:\\\/\\\/secure.gravatar.com\\\/avatar\\\/12085fe17e70c3550551519fe1f8f51fae69b1748563a47fc3bea53d91fbcbbd?s=96&d=mm&r=g\",\"contentUrl\":\"https:\\\/\\\/secure.gravatar.com\\\/avatar\\\/12085fe17e70c3550551519fe1f8f51fae69b1748563a47fc3bea53d91fbcbbd?s=96&d=mm&r=g\",\"caption\":\"Portal Incluir\"},\"sameAs\":[\"http:\\\/\\\/portalincluir.com.br\"],\"url\":\"https:\\\/\\\/portalincluir.com.br\\\/index.php\\\/author\\\/portalincluir-com-br\\\/\"}]}<\/script>\n<!-- \/ Yoast SEO plugin. -->","yoast_head_json":{"title":"AL\u00c9M DO ASFALTO: O erro invis\u00edvel nas placas que exclui milhares de cidad\u00e3os - PORTAL INCLUIR","robots":{"index":"index","follow":"follow","max-snippet":"max-snippet:-1","max-image-preview":"max-image-preview:large","max-video-preview":"max-video-preview:-1"},"canonical":"https:\/\/portalincluir.com.br\/index.php\/2026\/01\/26\/alem-do-asfalto-o-erro-invisivel-nas-placas-que-exclui-milhares-de-cidadaos\/","og_locale":"pt_BR","og_type":"article","og_title":"AL\u00c9M DO ASFALTO: O erro invis\u00edvel nas placas que exclui milhares de cidad\u00e3os - PORTAL INCLUIR","og_description":"Basta circular pelas principais avenidas das cidades brasileiras para notar: a sinaliza\u00e7\u00e3o de tr\u00e2nsito, que","og_url":"https:\/\/portalincluir.com.br\/index.php\/2026\/01\/26\/alem-do-asfalto-o-erro-invisivel-nas-placas-que-exclui-milhares-de-cidadaos\/","og_site_name":"PORTAL INCLUIR","article_published_time":"2026-01-26T23:07:38+00:00","og_image":[{"width":1280,"height":853,"url":"https:\/\/portalincluir.com.br\/wp-content\/uploads\/2026\/01\/WhatsApp-Image-2021-08-06-at-10.39.39-PAULO-MORAIS.png","type":"image\/png"}],"author":"Portal Incluir","twitter_card":"summary_large_image","twitter_misc":{"Escrito por":"Portal Incluir","Est. tempo de leitura":"4 minutos"},"schema":{"@context":"https:\/\/schema.org","@graph":[{"@type":["Article","BlogPosting"],"@id":"https:\/\/portalincluir.com.br\/index.php\/2026\/01\/26\/alem-do-asfalto-o-erro-invisivel-nas-placas-que-exclui-milhares-de-cidadaos\/#article","isPartOf":{"@id":"https:\/\/portalincluir.com.br\/index.php\/2026\/01\/26\/alem-do-asfalto-o-erro-invisivel-nas-placas-que-exclui-milhares-de-cidadaos\/"},"author":{"name":"Portal Incluir","@id":"https:\/\/portalincluir.com.br\/#\/schema\/person\/8823664e5902eee555607fb75c4c35ae"},"headline":"AL\u00c9M DO ASFALTO: O erro invis\u00edvel nas placas que exclui milhares de cidad\u00e3os","datePublished":"2026-01-26T23:07:38+00:00","mainEntityOfPage":{"@id":"https:\/\/portalincluir.com.br\/index.php\/2026\/01\/26\/alem-do-asfalto-o-erro-invisivel-nas-placas-que-exclui-milhares-de-cidadaos\/"},"wordCount":561,"commentCount":1,"image":{"@id":"https:\/\/portalincluir.com.br\/index.php\/2026\/01\/26\/alem-do-asfalto-o-erro-invisivel-nas-placas-que-exclui-milhares-de-cidadaos\/#primaryimage"},"thumbnailUrl":"https:\/\/portalincluir.com.br\/wp-content\/uploads\/2026\/01\/WhatsApp-Image-2021-08-06-at-10.39.39-PAULO-MORAIS.png","articleSection":["Opini\u00e3o","Portal","T21"],"inLanguage":"pt-BR","potentialAction":[{"@type":"CommentAction","name":"Comment","target":["https:\/\/portalincluir.com.br\/index.php\/2026\/01\/26\/alem-do-asfalto-o-erro-invisivel-nas-placas-que-exclui-milhares-de-cidadaos\/#respond"]}]},{"@type":"WebPage","@id":"https:\/\/portalincluir.com.br\/index.php\/2026\/01\/26\/alem-do-asfalto-o-erro-invisivel-nas-placas-que-exclui-milhares-de-cidadaos\/","url":"https:\/\/portalincluir.com.br\/index.php\/2026\/01\/26\/alem-do-asfalto-o-erro-invisivel-nas-placas-que-exclui-milhares-de-cidadaos\/","name":"AL\u00c9M DO ASFALTO: O erro invis\u00edvel nas placas que exclui milhares de cidad\u00e3os - PORTAL INCLUIR","isPartOf":{"@id":"https:\/\/portalincluir.com.br\/#website"},"primaryImageOfPage":{"@id":"https:\/\/portalincluir.com.br\/index.php\/2026\/01\/26\/alem-do-asfalto-o-erro-invisivel-nas-placas-que-exclui-milhares-de-cidadaos\/#primaryimage"},"image":{"@id":"https:\/\/portalincluir.com.br\/index.php\/2026\/01\/26\/alem-do-asfalto-o-erro-invisivel-nas-placas-que-exclui-milhares-de-cidadaos\/#primaryimage"},"thumbnailUrl":"https:\/\/portalincluir.com.br\/wp-content\/uploads\/2026\/01\/WhatsApp-Image-2021-08-06-at-10.39.39-PAULO-MORAIS.png","datePublished":"2026-01-26T23:07:38+00:00","author":{"@id":"https:\/\/portalincluir.com.br\/#\/schema\/person\/8823664e5902eee555607fb75c4c35ae"},"breadcrumb":{"@id":"https:\/\/portalincluir.com.br\/index.php\/2026\/01\/26\/alem-do-asfalto-o-erro-invisivel-nas-placas-que-exclui-milhares-de-cidadaos\/#breadcrumb"},"inLanguage":"pt-BR","potentialAction":[{"@type":"ReadAction","target":["https:\/\/portalincluir.com.br\/index.php\/2026\/01\/26\/alem-do-asfalto-o-erro-invisivel-nas-placas-que-exclui-milhares-de-cidadaos\/"]}]},{"@type":"ImageObject","inLanguage":"pt-BR","@id":"https:\/\/portalincluir.com.br\/index.php\/2026\/01\/26\/alem-do-asfalto-o-erro-invisivel-nas-placas-que-exclui-milhares-de-cidadaos\/#primaryimage","url":"https:\/\/portalincluir.com.br\/wp-content\/uploads\/2026\/01\/WhatsApp-Image-2021-08-06-at-10.39.39-PAULO-MORAIS.png","contentUrl":"https:\/\/portalincluir.com.br\/wp-content\/uploads\/2026\/01\/WhatsApp-Image-2021-08-06-at-10.39.39-PAULO-MORAIS.png","width":1280,"height":853},{"@type":"BreadcrumbList","@id":"https:\/\/portalincluir.com.br\/index.php\/2026\/01\/26\/alem-do-asfalto-o-erro-invisivel-nas-placas-que-exclui-milhares-de-cidadaos\/#breadcrumb","itemListElement":[{"@type":"ListItem","position":1,"name":"In\u00edcio","item":"https:\/\/portalincluir.com.br\/"},{"@type":"ListItem","position":2,"name":"AL\u00c9M DO ASFALTO: O erro invis\u00edvel nas placas que exclui milhares de cidad\u00e3os"}]},{"@type":"WebSite","@id":"https:\/\/portalincluir.com.br\/#website","url":"https:\/\/portalincluir.com.br\/","name":"PORTAL INCLUIR","description":"","potentialAction":[{"@type":"SearchAction","target":{"@type":"EntryPoint","urlTemplate":"https:\/\/portalincluir.com.br\/?s={search_term_string}"},"query-input":{"@type":"PropertyValueSpecification","valueRequired":true,"valueName":"search_term_string"}}],"inLanguage":"pt-BR"},{"@type":"Person","@id":"https:\/\/portalincluir.com.br\/#\/schema\/person\/8823664e5902eee555607fb75c4c35ae","name":"Portal Incluir","image":{"@type":"ImageObject","inLanguage":"pt-BR","@id":"https:\/\/secure.gravatar.com\/avatar\/12085fe17e70c3550551519fe1f8f51fae69b1748563a47fc3bea53d91fbcbbd?s=96&d=mm&r=g","url":"https:\/\/secure.gravatar.com\/avatar\/12085fe17e70c3550551519fe1f8f51fae69b1748563a47fc3bea53d91fbcbbd?s=96&d=mm&r=g","contentUrl":"https:\/\/secure.gravatar.com\/avatar\/12085fe17e70c3550551519fe1f8f51fae69b1748563a47fc3bea53d91fbcbbd?s=96&d=mm&r=g","caption":"Portal Incluir"},"sameAs":["http:\/\/portalincluir.com.br"],"url":"https:\/\/portalincluir.com.br\/index.php\/author\/portalincluir-com-br\/"}]}},"_links":{"self":[{"href":"https:\/\/portalincluir.com.br\/index.php\/wp-json\/wp\/v2\/posts\/897","targetHints":{"allow":["GET"]}}],"collection":[{"href":"https:\/\/portalincluir.com.br\/index.php\/wp-json\/wp\/v2\/posts"}],"about":[{"href":"https:\/\/portalincluir.com.br\/index.php\/wp-json\/wp\/v2\/types\/post"}],"author":[{"embeddable":true,"href":"https:\/\/portalincluir.com.br\/index.php\/wp-json\/wp\/v2\/users\/1"}],"replies":[{"embeddable":true,"href":"https:\/\/portalincluir.com.br\/index.php\/wp-json\/wp\/v2\/comments?post=897"}],"version-history":[{"count":1,"href":"https:\/\/portalincluir.com.br\/index.php\/wp-json\/wp\/v2\/posts\/897\/revisions"}],"predecessor-version":[{"id":900,"href":"https:\/\/portalincluir.com.br\/index.php\/wp-json\/wp\/v2\/posts\/897\/revisions\/900"}],"wp:featuredmedia":[{"embeddable":true,"href":"https:\/\/portalincluir.com.br\/index.php\/wp-json\/wp\/v2\/media\/898"}],"wp:attachment":[{"href":"https:\/\/portalincluir.com.br\/index.php\/wp-json\/wp\/v2\/media?parent=897"}],"wp:term":[{"taxonomy":"category","embeddable":true,"href":"https:\/\/portalincluir.com.br\/index.php\/wp-json\/wp\/v2\/categories?post=897"},{"taxonomy":"post_tag","embeddable":true,"href":"https:\/\/portalincluir.com.br\/index.php\/wp-json\/wp\/v2\/tags?post=897"}],"curies":[{"name":"wp","href":"https:\/\/api.w.org\/{rel}","templated":true}]}}