{"id":981,"date":"2026-03-11T11:00:31","date_gmt":"2026-03-11T14:00:31","guid":{"rendered":"https:\/\/portalincluir.com.br\/?p=981"},"modified":"2026-03-11T11:24:06","modified_gmt":"2026-03-11T14:24:06","slug":"inclusao-no-mercado-de-trabalho-fortalece-autonomia-de-pessoas-com-sindrome-de-down","status":"publish","type":"post","link":"https:\/\/portalincluir.com.br\/index.php\/2026\/03\/11\/inclusao-no-mercado-de-trabalho-fortalece-autonomia-de-pessoas-com-sindrome-de-down\/","title":{"rendered":"Inclus\u00e3o no mercado de trabalho fortalece autonomia de pessoas com s\u00edndrome de Down"},"content":{"rendered":"\n<p>A inclus\u00e3o de pessoas com s\u00edndrome de Down no mercado de trabalho tem avan\u00e7ado no Brasil e se consolidado como um passo importante na constru\u00e7\u00e3o de uma sociedade mais justa e diversa. Durante muitos anos, o preconceito, a falta de informa\u00e7\u00e3o e a escassez de oportunidades afastaram muitos talentos do ambiente profissional. Hoje, no entanto, iniciativas voltadas para a inclus\u00e3o produtiva e para a valoriza\u00e7\u00e3o das potencialidades individuais v\u00eam transformando essa realidade.<\/p>\n\n\n\n<p>A psic\u00f3loga e consultora em emprego apoiado <strong>Marina Fontana<\/strong>, que atua com diversidade e inclus\u00e3o em processos de recrutamento e sele\u00e7\u00e3o de pessoas com defici\u00eancia intelectual, destaca que a entrada no mercado de trabalho representa um momento marcante na vida de jovens e adultos com s\u00edndrome de Down. Atualmente, ela coordena o setor Incluw do <strong>Instituto Mano Down<\/strong>, em <strong>Belo Horizonte<\/strong>, respons\u00e1vel por a\u00e7\u00f5es de inclus\u00e3o produtiva e acompanhamento profissional.<\/p>\n\n\n\n<p>Segundo Marina, para muitos adultos com s\u00edndrome de Down, o emprego formal representa a primeira experi\u00eancia fora do ambiente escolar. \u201cEsse momento \u00e9 muito significativo porque amplia os contextos de conviv\u00eancia e favorece o desenvolvimento social\u201d, explica.<\/p>\n\n\n\n<p>Ela ressalta que, no ambiente de trabalho, \u00e9 comum observar avan\u00e7os importantes nas habilidades sociais. \u201cPercebemos um desenvolvimento expressivo na comunica\u00e7\u00e3o, na iniciativa para interagir, na capacidade de pedir ajuda e tamb\u00e9m no trabalho em equipe\u201d, afirma. De acordo com a especialista, o conv\u00edvio profissional tamb\u00e9m contribui para que essas pessoas compreendam melhor as regras do ambiente corporativo, como postura, responsabilidade e hierarquia.<\/p>\n\n\n\n<p>As mudan\u00e7as tamb\u00e9m s\u00e3o percebidas dentro de casa. \u201cAs pr\u00f3prias fam\u00edlias relatam melhora na comunica\u00e7\u00e3o, na autoconfian\u00e7a e na autonomia ap\u00f3s o in\u00edcio do trabalho\u201d, destaca Marina. Al\u00e9m disso, o emprego ajuda a fortalecer a organiza\u00e7\u00e3o pessoal, o cumprimento de rotinas e o compromisso com hor\u00e1rios \u2014 aspectos fundamentais para a vida adulta.<\/p>\n\n\n\n<p>No mercado de trabalho, pessoas com s\u00edndrome de Down j\u00e1 atuam em diversas \u00e1reas. H\u00e1 profissionais trabalhando como fot\u00f3grafos, recepcionistas, gar\u00e7ons, auxiliares administrativos e at\u00e9 em setores como recursos humanos e compras. Apesar disso, Marina explica que ainda existe uma concentra\u00e7\u00e3o maior em cargos operacionais.<\/p>\n\n\n\n<p>\u201cEsse cen\u00e1rio vem mudando. Hoje j\u00e1 temos pessoas com s\u00edndrome de Down com forma\u00e7\u00e3o t\u00e9cnica e at\u00e9 ensino superior\u201d, afirma. Segundo ela, existem profissionais formados em \u00e1reas como massoterapia, rela\u00e7\u00f5es p\u00fablicas, educa\u00e7\u00e3o f\u00edsica e direito, ampliando as possibilidades de atua\u00e7\u00e3o.<\/p>\n\n\n\n<p>Mesmo com avan\u00e7os, o primeiro emprego ainda costuma ser o maior desafio. Para Marina, a principal barreira n\u00e3o \u00e9 a defici\u00eancia em si, mas a falta de informa\u00e7\u00e3o dentro das empresas. \u201cMuitos gestores ainda t\u00eam d\u00favidas e inseguran\u00e7as sobre como lidar com um colaborador com defici\u00eancia intelectual. Essa falta de informa\u00e7\u00e3o acaba sendo uma barreira maior do que a pr\u00f3pria defici\u00eancia\u201d, explica.<\/p>\n\n\n\n<p>Nesse contexto, a metodologia do emprego apoiado tem sido uma ferramenta importante. O modelo oferece suporte n\u00e3o apenas ao trabalhador com defici\u00eancia, mas tamb\u00e9m \u00e0 empresa e \u00e0 fam\u00edlia. \u201cO papel do consultor \u00e9 orientar, acompanhar e dar seguran\u00e7a para todos os envolvidos, tornando o processo mais estruturado e positivo\u201d, afirma.<\/p>\n\n\n\n<p>A prepara\u00e7\u00e3o das empresas tamb\u00e9m \u00e9 considerada essencial para o sucesso da inclus\u00e3o. Segundo Marina, muitas equipes nunca tiveram conviv\u00eancia pr\u00f3xima com pessoas com defici\u00eancia, o que pode gerar inseguran\u00e7a ou estere\u00f3tipos.<\/p>\n\n\n\n<p>\u201cO preparo come\u00e7a com informa\u00e7\u00e3o e sensibiliza\u00e7\u00e3o, por meio de palestras, workshops e materiais que orientem sobre postura e comunica\u00e7\u00e3o no ambiente de trabalho\u201d, explica. Ela tamb\u00e9m refor\u00e7a a import\u00e2ncia de evitar a infantiliza\u00e7\u00e3o desses profissionais e de compreender que eventuais adapta\u00e7\u00f5es nas atividades n\u00e3o s\u00e3o privil\u00e9gios. \u201cS\u00e3o estrat\u00e9gias de equidade\u201d, destaca.<\/p>\n\n\n\n<p>Para as pessoas com s\u00edndrome de Down, o impacto do trabalho vai muito al\u00e9m da remunera\u00e7\u00e3o. \u201cO emprego legitima a vida adulta. Quando assumem responsabilidades, hor\u00e1rios e metas, passam a ser reconhecidas como adultos produtivos e capazes\u201d, afirma Marina.<\/p>\n\n\n\n<p>Esse reconhecimento fortalece a autoestima e amplia a autonomia no dia a dia. \u201cElas deixam de ser vistas apenas pelo diagn\u00f3stico e passam a ser reconhecidas por suas compet\u00eancias e contribui\u00e7\u00f5es\u201d, completa.<\/p>\n\n\n\n<p>No Brasil, a inclus\u00e3o profissional de pessoas com defici\u00eancia conta com o suporte da <strong>Lei de Cotas para Pessoas com Defici\u00eancia no Brasil<\/strong>, que determina a reserva de vagas em empresas com mais de 100 funcion\u00e1rios. No entanto, Marina avalia que ainda h\u00e1 desafios importantes.<\/p>\n\n\n\n<p>\u201cA legisla\u00e7\u00e3o \u00e9 uma porta de entrada, mas sozinha n\u00e3o garante inclus\u00e3o de qualidade. \u00c9 fundamental investir na capacita\u00e7\u00e3o de gestores e equipes e compreender que a inclus\u00e3o n\u00e3o \u00e9 apenas uma obriga\u00e7\u00e3o legal, mas tamb\u00e9m uma estrat\u00e9gia de responsabilidade social e fortalecimento da cultura organizacional\u201d, conclui.<\/p>\n\n\n\n<p>Ela tamb\u00e9m defende a amplia\u00e7\u00e3o da forma\u00e7\u00e3o profissional e de programas que facilitem a transi\u00e7\u00e3o entre escola e trabalho, al\u00e9m da expans\u00e3o de metodologias como o emprego apoiado, que oferecem suporte estruturado para trabalhadores com defici\u00eancia, fam\u00edlias e empresas.<\/p>\n\n\n\n<p>Ou\u00e7a a entrevista concedida ao programa INCLUS\u00c3O EM FOCO<\/p>\n\n\n\n<iframe loading=\"lazy\" src=\"https:\/\/castbox.fm\/app\/castbox\/player\/id5711915\/id918240760?v=8.22.11&#038;autoplay=0\" frameborder=\"0\" width=\"100%\" height=\"172\"><\/iframe>\n\n\n\n<p>Por J\u00fanior Patente &#8211; Portal Incluir<\/p>\n","protected":false},"excerpt":{"rendered":"<p>A inclus\u00e3o de pessoas com s\u00edndrome de Down no mercado de trabalho tem avan\u00e7ado no<\/p>\n","protected":false},"author":1,"featured_media":984,"comment_status":"open","ping_status":"open","sticky":false,"template":"","format":"standard","meta":{"om_disable_all_campaigns":false,"_monsterinsights_skip_tracking":false,"_monsterinsights_sitenote_active":false,"_monsterinsights_sitenote_note":"","_monsterinsights_sitenote_category":0,"_uf_show_specific_survey":0,"_uf_disable_surveys":false,"footnotes":""},"categories":[1,7],"tags":[],"class_list":["post-981","post","type-post","status-publish","format-standard","has-post-thumbnail","hentry","category-portal","category-t21"],"yoast_head":"<!-- This site is optimized with the Yoast SEO plugin v27.4 - https:\/\/yoast.com\/product\/yoast-seo-wordpress\/ -->\n<title>Inclus\u00e3o no mercado de trabalho fortalece autonomia de pessoas com s\u00edndrome de Down - PORTAL INCLUIR<\/title>\n<meta name=\"robots\" content=\"index, follow, max-snippet:-1, max-image-preview:large, max-video-preview:-1\" \/>\n<link rel=\"canonical\" href=\"https:\/\/portalincluir.com.br\/index.php\/2026\/03\/11\/inclusao-no-mercado-de-trabalho-fortalece-autonomia-de-pessoas-com-sindrome-de-down\/\" \/>\n<meta property=\"og:locale\" content=\"pt_BR\" \/>\n<meta property=\"og:type\" content=\"article\" \/>\n<meta property=\"og:title\" content=\"Inclus\u00e3o no mercado de trabalho fortalece autonomia de pessoas com s\u00edndrome de Down - PORTAL INCLUIR\" \/>\n<meta property=\"og:description\" content=\"A inclus\u00e3o de pessoas com s\u00edndrome de Down no mercado de trabalho tem avan\u00e7ado no\" \/>\n<meta property=\"og:url\" content=\"https:\/\/portalincluir.com.br\/index.php\/2026\/03\/11\/inclusao-no-mercado-de-trabalho-fortalece-autonomia-de-pessoas-com-sindrome-de-down\/\" \/>\n<meta property=\"og:site_name\" content=\"PORTAL INCLUIR\" \/>\n<meta property=\"article:published_time\" content=\"2026-03-11T14:00:31+00:00\" \/>\n<meta property=\"article:modified_time\" content=\"2026-03-11T14:24:06+00:00\" \/>\n<meta property=\"og:image\" content=\"https:\/\/portalincluir.com.br\/wp-content\/uploads\/2026\/03\/Marina-Fontana-1q.jpg\" \/>\n\t<meta property=\"og:image:width\" content=\"1066\" \/>\n\t<meta property=\"og:image:height\" content=\"786\" \/>\n\t<meta property=\"og:image:type\" content=\"image\/jpeg\" \/>\n<meta name=\"author\" content=\"Portal Incluir\" \/>\n<meta name=\"twitter:card\" content=\"summary_large_image\" \/>\n<meta name=\"twitter:label1\" content=\"Escrito por\" \/>\n\t<meta name=\"twitter:data1\" content=\"Portal Incluir\" \/>\n\t<meta name=\"twitter:label2\" content=\"Est. tempo de leitura\" \/>\n\t<meta name=\"twitter:data2\" content=\"5 minutos\" \/>\n<script type=\"application\/ld+json\" class=\"yoast-schema-graph\">{\"@context\":\"https:\\\/\\\/schema.org\",\"@graph\":[{\"@type\":[\"Article\",\"BlogPosting\"],\"@id\":\"https:\\\/\\\/portalincluir.com.br\\\/index.php\\\/2026\\\/03\\\/11\\\/inclusao-no-mercado-de-trabalho-fortalece-autonomia-de-pessoas-com-sindrome-de-down\\\/#article\",\"isPartOf\":{\"@id\":\"https:\\\/\\\/portalincluir.com.br\\\/index.php\\\/2026\\\/03\\\/11\\\/inclusao-no-mercado-de-trabalho-fortalece-autonomia-de-pessoas-com-sindrome-de-down\\\/\"},\"author\":{\"name\":\"Portal Incluir\",\"@id\":\"https:\\\/\\\/portalincluir.com.br\\\/#\\\/schema\\\/person\\\/8823664e5902eee555607fb75c4c35ae\"},\"headline\":\"Inclus\u00e3o no mercado de trabalho fortalece autonomia de pessoas com s\u00edndrome de Down\",\"datePublished\":\"2026-03-11T14:00:31+00:00\",\"dateModified\":\"2026-03-11T14:24:06+00:00\",\"mainEntityOfPage\":{\"@id\":\"https:\\\/\\\/portalincluir.com.br\\\/index.php\\\/2026\\\/03\\\/11\\\/inclusao-no-mercado-de-trabalho-fortalece-autonomia-de-pessoas-com-sindrome-de-down\\\/\"},\"wordCount\":915,\"commentCount\":0,\"image\":{\"@id\":\"https:\\\/\\\/portalincluir.com.br\\\/index.php\\\/2026\\\/03\\\/11\\\/inclusao-no-mercado-de-trabalho-fortalece-autonomia-de-pessoas-com-sindrome-de-down\\\/#primaryimage\"},\"thumbnailUrl\":\"https:\\\/\\\/portalincluir.com.br\\\/wp-content\\\/uploads\\\/2026\\\/03\\\/Marina-Fontana-1q.jpg\",\"articleSection\":[\"Portal\",\"T21\"],\"inLanguage\":\"pt-BR\",\"potentialAction\":[{\"@type\":\"CommentAction\",\"name\":\"Comment\",\"target\":[\"https:\\\/\\\/portalincluir.com.br\\\/index.php\\\/2026\\\/03\\\/11\\\/inclusao-no-mercado-de-trabalho-fortalece-autonomia-de-pessoas-com-sindrome-de-down\\\/#respond\"]}]},{\"@type\":\"WebPage\",\"@id\":\"https:\\\/\\\/portalincluir.com.br\\\/index.php\\\/2026\\\/03\\\/11\\\/inclusao-no-mercado-de-trabalho-fortalece-autonomia-de-pessoas-com-sindrome-de-down\\\/\",\"url\":\"https:\\\/\\\/portalincluir.com.br\\\/index.php\\\/2026\\\/03\\\/11\\\/inclusao-no-mercado-de-trabalho-fortalece-autonomia-de-pessoas-com-sindrome-de-down\\\/\",\"name\":\"Inclus\u00e3o no mercado de trabalho fortalece autonomia de pessoas com s\u00edndrome de Down - PORTAL INCLUIR\",\"isPartOf\":{\"@id\":\"https:\\\/\\\/portalincluir.com.br\\\/#website\"},\"primaryImageOfPage\":{\"@id\":\"https:\\\/\\\/portalincluir.com.br\\\/index.php\\\/2026\\\/03\\\/11\\\/inclusao-no-mercado-de-trabalho-fortalece-autonomia-de-pessoas-com-sindrome-de-down\\\/#primaryimage\"},\"image\":{\"@id\":\"https:\\\/\\\/portalincluir.com.br\\\/index.php\\\/2026\\\/03\\\/11\\\/inclusao-no-mercado-de-trabalho-fortalece-autonomia-de-pessoas-com-sindrome-de-down\\\/#primaryimage\"},\"thumbnailUrl\":\"https:\\\/\\\/portalincluir.com.br\\\/wp-content\\\/uploads\\\/2026\\\/03\\\/Marina-Fontana-1q.jpg\",\"datePublished\":\"2026-03-11T14:00:31+00:00\",\"dateModified\":\"2026-03-11T14:24:06+00:00\",\"author\":{\"@id\":\"https:\\\/\\\/portalincluir.com.br\\\/#\\\/schema\\\/person\\\/8823664e5902eee555607fb75c4c35ae\"},\"breadcrumb\":{\"@id\":\"https:\\\/\\\/portalincluir.com.br\\\/index.php\\\/2026\\\/03\\\/11\\\/inclusao-no-mercado-de-trabalho-fortalece-autonomia-de-pessoas-com-sindrome-de-down\\\/#breadcrumb\"},\"inLanguage\":\"pt-BR\",\"potentialAction\":[{\"@type\":\"ReadAction\",\"target\":[\"https:\\\/\\\/portalincluir.com.br\\\/index.php\\\/2026\\\/03\\\/11\\\/inclusao-no-mercado-de-trabalho-fortalece-autonomia-de-pessoas-com-sindrome-de-down\\\/\"]}]},{\"@type\":\"ImageObject\",\"inLanguage\":\"pt-BR\",\"@id\":\"https:\\\/\\\/portalincluir.com.br\\\/index.php\\\/2026\\\/03\\\/11\\\/inclusao-no-mercado-de-trabalho-fortalece-autonomia-de-pessoas-com-sindrome-de-down\\\/#primaryimage\",\"url\":\"https:\\\/\\\/portalincluir.com.br\\\/wp-content\\\/uploads\\\/2026\\\/03\\\/Marina-Fontana-1q.jpg\",\"contentUrl\":\"https:\\\/\\\/portalincluir.com.br\\\/wp-content\\\/uploads\\\/2026\\\/03\\\/Marina-Fontana-1q.jpg\",\"width\":1066,\"height\":786},{\"@type\":\"BreadcrumbList\",\"@id\":\"https:\\\/\\\/portalincluir.com.br\\\/index.php\\\/2026\\\/03\\\/11\\\/inclusao-no-mercado-de-trabalho-fortalece-autonomia-de-pessoas-com-sindrome-de-down\\\/#breadcrumb\",\"itemListElement\":[{\"@type\":\"ListItem\",\"position\":1,\"name\":\"In\u00edcio\",\"item\":\"https:\\\/\\\/portalincluir.com.br\\\/\"},{\"@type\":\"ListItem\",\"position\":2,\"name\":\"Inclus\u00e3o no mercado de trabalho fortalece autonomia de pessoas com s\u00edndrome de Down\"}]},{\"@type\":\"WebSite\",\"@id\":\"https:\\\/\\\/portalincluir.com.br\\\/#website\",\"url\":\"https:\\\/\\\/portalincluir.com.br\\\/\",\"name\":\"PORTAL INCLUIR\",\"description\":\"\",\"potentialAction\":[{\"@type\":\"SearchAction\",\"target\":{\"@type\":\"EntryPoint\",\"urlTemplate\":\"https:\\\/\\\/portalincluir.com.br\\\/?s={search_term_string}\"},\"query-input\":{\"@type\":\"PropertyValueSpecification\",\"valueRequired\":true,\"valueName\":\"search_term_string\"}}],\"inLanguage\":\"pt-BR\"},{\"@type\":\"Person\",\"@id\":\"https:\\\/\\\/portalincluir.com.br\\\/#\\\/schema\\\/person\\\/8823664e5902eee555607fb75c4c35ae\",\"name\":\"Portal Incluir\",\"image\":{\"@type\":\"ImageObject\",\"inLanguage\":\"pt-BR\",\"@id\":\"https:\\\/\\\/secure.gravatar.com\\\/avatar\\\/12085fe17e70c3550551519fe1f8f51fae69b1748563a47fc3bea53d91fbcbbd?s=96&d=mm&r=g\",\"url\":\"https:\\\/\\\/secure.gravatar.com\\\/avatar\\\/12085fe17e70c3550551519fe1f8f51fae69b1748563a47fc3bea53d91fbcbbd?s=96&d=mm&r=g\",\"contentUrl\":\"https:\\\/\\\/secure.gravatar.com\\\/avatar\\\/12085fe17e70c3550551519fe1f8f51fae69b1748563a47fc3bea53d91fbcbbd?s=96&d=mm&r=g\",\"caption\":\"Portal Incluir\"},\"sameAs\":[\"http:\\\/\\\/portalincluir.com.br\"],\"url\":\"https:\\\/\\\/portalincluir.com.br\\\/index.php\\\/author\\\/portalincluir-com-br\\\/\"}]}<\/script>\n<!-- \/ Yoast SEO plugin. -->","yoast_head_json":{"title":"Inclus\u00e3o no mercado de trabalho fortalece autonomia de pessoas com s\u00edndrome de Down - PORTAL INCLUIR","robots":{"index":"index","follow":"follow","max-snippet":"max-snippet:-1","max-image-preview":"max-image-preview:large","max-video-preview":"max-video-preview:-1"},"canonical":"https:\/\/portalincluir.com.br\/index.php\/2026\/03\/11\/inclusao-no-mercado-de-trabalho-fortalece-autonomia-de-pessoas-com-sindrome-de-down\/","og_locale":"pt_BR","og_type":"article","og_title":"Inclus\u00e3o no mercado de trabalho fortalece autonomia de pessoas com s\u00edndrome de Down - PORTAL INCLUIR","og_description":"A inclus\u00e3o de pessoas com s\u00edndrome de Down no mercado de trabalho tem avan\u00e7ado no","og_url":"https:\/\/portalincluir.com.br\/index.php\/2026\/03\/11\/inclusao-no-mercado-de-trabalho-fortalece-autonomia-de-pessoas-com-sindrome-de-down\/","og_site_name":"PORTAL INCLUIR","article_published_time":"2026-03-11T14:00:31+00:00","article_modified_time":"2026-03-11T14:24:06+00:00","og_image":[{"width":1066,"height":786,"url":"https:\/\/portalincluir.com.br\/wp-content\/uploads\/2026\/03\/Marina-Fontana-1q.jpg","type":"image\/jpeg"}],"author":"Portal Incluir","twitter_card":"summary_large_image","twitter_misc":{"Escrito por":"Portal Incluir","Est. tempo de leitura":"5 minutos"},"schema":{"@context":"https:\/\/schema.org","@graph":[{"@type":["Article","BlogPosting"],"@id":"https:\/\/portalincluir.com.br\/index.php\/2026\/03\/11\/inclusao-no-mercado-de-trabalho-fortalece-autonomia-de-pessoas-com-sindrome-de-down\/#article","isPartOf":{"@id":"https:\/\/portalincluir.com.br\/index.php\/2026\/03\/11\/inclusao-no-mercado-de-trabalho-fortalece-autonomia-de-pessoas-com-sindrome-de-down\/"},"author":{"name":"Portal Incluir","@id":"https:\/\/portalincluir.com.br\/#\/schema\/person\/8823664e5902eee555607fb75c4c35ae"},"headline":"Inclus\u00e3o no mercado de trabalho fortalece autonomia de pessoas com s\u00edndrome de Down","datePublished":"2026-03-11T14:00:31+00:00","dateModified":"2026-03-11T14:24:06+00:00","mainEntityOfPage":{"@id":"https:\/\/portalincluir.com.br\/index.php\/2026\/03\/11\/inclusao-no-mercado-de-trabalho-fortalece-autonomia-de-pessoas-com-sindrome-de-down\/"},"wordCount":915,"commentCount":0,"image":{"@id":"https:\/\/portalincluir.com.br\/index.php\/2026\/03\/11\/inclusao-no-mercado-de-trabalho-fortalece-autonomia-de-pessoas-com-sindrome-de-down\/#primaryimage"},"thumbnailUrl":"https:\/\/portalincluir.com.br\/wp-content\/uploads\/2026\/03\/Marina-Fontana-1q.jpg","articleSection":["Portal","T21"],"inLanguage":"pt-BR","potentialAction":[{"@type":"CommentAction","name":"Comment","target":["https:\/\/portalincluir.com.br\/index.php\/2026\/03\/11\/inclusao-no-mercado-de-trabalho-fortalece-autonomia-de-pessoas-com-sindrome-de-down\/#respond"]}]},{"@type":"WebPage","@id":"https:\/\/portalincluir.com.br\/index.php\/2026\/03\/11\/inclusao-no-mercado-de-trabalho-fortalece-autonomia-de-pessoas-com-sindrome-de-down\/","url":"https:\/\/portalincluir.com.br\/index.php\/2026\/03\/11\/inclusao-no-mercado-de-trabalho-fortalece-autonomia-de-pessoas-com-sindrome-de-down\/","name":"Inclus\u00e3o no mercado de trabalho fortalece autonomia de pessoas com s\u00edndrome de Down - PORTAL INCLUIR","isPartOf":{"@id":"https:\/\/portalincluir.com.br\/#website"},"primaryImageOfPage":{"@id":"https:\/\/portalincluir.com.br\/index.php\/2026\/03\/11\/inclusao-no-mercado-de-trabalho-fortalece-autonomia-de-pessoas-com-sindrome-de-down\/#primaryimage"},"image":{"@id":"https:\/\/portalincluir.com.br\/index.php\/2026\/03\/11\/inclusao-no-mercado-de-trabalho-fortalece-autonomia-de-pessoas-com-sindrome-de-down\/#primaryimage"},"thumbnailUrl":"https:\/\/portalincluir.com.br\/wp-content\/uploads\/2026\/03\/Marina-Fontana-1q.jpg","datePublished":"2026-03-11T14:00:31+00:00","dateModified":"2026-03-11T14:24:06+00:00","author":{"@id":"https:\/\/portalincluir.com.br\/#\/schema\/person\/8823664e5902eee555607fb75c4c35ae"},"breadcrumb":{"@id":"https:\/\/portalincluir.com.br\/index.php\/2026\/03\/11\/inclusao-no-mercado-de-trabalho-fortalece-autonomia-de-pessoas-com-sindrome-de-down\/#breadcrumb"},"inLanguage":"pt-BR","potentialAction":[{"@type":"ReadAction","target":["https:\/\/portalincluir.com.br\/index.php\/2026\/03\/11\/inclusao-no-mercado-de-trabalho-fortalece-autonomia-de-pessoas-com-sindrome-de-down\/"]}]},{"@type":"ImageObject","inLanguage":"pt-BR","@id":"https:\/\/portalincluir.com.br\/index.php\/2026\/03\/11\/inclusao-no-mercado-de-trabalho-fortalece-autonomia-de-pessoas-com-sindrome-de-down\/#primaryimage","url":"https:\/\/portalincluir.com.br\/wp-content\/uploads\/2026\/03\/Marina-Fontana-1q.jpg","contentUrl":"https:\/\/portalincluir.com.br\/wp-content\/uploads\/2026\/03\/Marina-Fontana-1q.jpg","width":1066,"height":786},{"@type":"BreadcrumbList","@id":"https:\/\/portalincluir.com.br\/index.php\/2026\/03\/11\/inclusao-no-mercado-de-trabalho-fortalece-autonomia-de-pessoas-com-sindrome-de-down\/#breadcrumb","itemListElement":[{"@type":"ListItem","position":1,"name":"In\u00edcio","item":"https:\/\/portalincluir.com.br\/"},{"@type":"ListItem","position":2,"name":"Inclus\u00e3o no mercado de trabalho fortalece autonomia de pessoas com s\u00edndrome de Down"}]},{"@type":"WebSite","@id":"https:\/\/portalincluir.com.br\/#website","url":"https:\/\/portalincluir.com.br\/","name":"PORTAL INCLUIR","description":"","potentialAction":[{"@type":"SearchAction","target":{"@type":"EntryPoint","urlTemplate":"https:\/\/portalincluir.com.br\/?s={search_term_string}"},"query-input":{"@type":"PropertyValueSpecification","valueRequired":true,"valueName":"search_term_string"}}],"inLanguage":"pt-BR"},{"@type":"Person","@id":"https:\/\/portalincluir.com.br\/#\/schema\/person\/8823664e5902eee555607fb75c4c35ae","name":"Portal Incluir","image":{"@type":"ImageObject","inLanguage":"pt-BR","@id":"https:\/\/secure.gravatar.com\/avatar\/12085fe17e70c3550551519fe1f8f51fae69b1748563a47fc3bea53d91fbcbbd?s=96&d=mm&r=g","url":"https:\/\/secure.gravatar.com\/avatar\/12085fe17e70c3550551519fe1f8f51fae69b1748563a47fc3bea53d91fbcbbd?s=96&d=mm&r=g","contentUrl":"https:\/\/secure.gravatar.com\/avatar\/12085fe17e70c3550551519fe1f8f51fae69b1748563a47fc3bea53d91fbcbbd?s=96&d=mm&r=g","caption":"Portal Incluir"},"sameAs":["http:\/\/portalincluir.com.br"],"url":"https:\/\/portalincluir.com.br\/index.php\/author\/portalincluir-com-br\/"}]}},"_links":{"self":[{"href":"https:\/\/portalincluir.com.br\/index.php\/wp-json\/wp\/v2\/posts\/981","targetHints":{"allow":["GET"]}}],"collection":[{"href":"https:\/\/portalincluir.com.br\/index.php\/wp-json\/wp\/v2\/posts"}],"about":[{"href":"https:\/\/portalincluir.com.br\/index.php\/wp-json\/wp\/v2\/types\/post"}],"author":[{"embeddable":true,"href":"https:\/\/portalincluir.com.br\/index.php\/wp-json\/wp\/v2\/users\/1"}],"replies":[{"embeddable":true,"href":"https:\/\/portalincluir.com.br\/index.php\/wp-json\/wp\/v2\/comments?post=981"}],"version-history":[{"count":1,"href":"https:\/\/portalincluir.com.br\/index.php\/wp-json\/wp\/v2\/posts\/981\/revisions"}],"predecessor-version":[{"id":983,"href":"https:\/\/portalincluir.com.br\/index.php\/wp-json\/wp\/v2\/posts\/981\/revisions\/983"}],"wp:featuredmedia":[{"embeddable":true,"href":"https:\/\/portalincluir.com.br\/index.php\/wp-json\/wp\/v2\/media\/984"}],"wp:attachment":[{"href":"https:\/\/portalincluir.com.br\/index.php\/wp-json\/wp\/v2\/media?parent=981"}],"wp:term":[{"taxonomy":"category","embeddable":true,"href":"https:\/\/portalincluir.com.br\/index.php\/wp-json\/wp\/v2\/categories?post=981"},{"taxonomy":"post_tag","embeddable":true,"href":"https:\/\/portalincluir.com.br\/index.php\/wp-json\/wp\/v2\/tags?post=981"}],"curies":[{"name":"wp","href":"https:\/\/api.w.org\/{rel}","templated":true}]}}