{"id":986,"date":"2026-03-12T15:14:36","date_gmt":"2026-03-12T18:14:36","guid":{"rendered":"https:\/\/portalincluir.com.br\/?p=986"},"modified":"2026-03-12T15:14:46","modified_gmt":"2026-03-12T18:14:46","slug":"abril-azul-promove-reflexao-sobre-inclusao-e-afetividade-no-autismo-com-simposio-no-rio-de-janeiro","status":"publish","type":"post","link":"https:\/\/portalincluir.com.br\/index.php\/2026\/03\/12\/abril-azul-promove-reflexao-sobre-inclusao-e-afetividade-no-autismo-com-simposio-no-rio-de-janeiro\/","title":{"rendered":"Abril Azul promove reflex\u00e3o sobre inclus\u00e3o e afetividade no autismo com simp\u00f3sio no Rio de Janeiro"},"content":{"rendered":"\n<p>Abril \u00e9 internacionalmente reconhecido como um per\u00edodo de mobiliza\u00e7\u00e3o social em torno da conscientiza\u00e7\u00e3o sobre o Transtorno do Espectro Autista (TEA). Conhecida como <strong>Abril Azul<\/strong>, a campanha busca ampliar o debate p\u00fablico sobre o autismo, combater preconceitos e fortalecer iniciativas que promovam inclus\u00e3o, respeito e informa\u00e7\u00e3o para a sociedade e para as fam\u00edlias de pessoas autistas.<\/p>\n\n\n\n<p>Dentro desse contexto, a <strong>Wak Editora<\/strong> promove, nos dias <strong>17 e 18 de abril<\/strong>, no <strong>Col\u00e9gio Pedro II<\/strong>, no Rio de Janeiro, o <strong>Simp\u00f3sio de Afetividade e Autismo<\/strong>, reunindo especialistas em inclus\u00e3o e autismo de diferentes cidades do Brasil e tamb\u00e9m do exterior. O encontro prop\u00f5e um espa\u00e7o de di\u00e1logo e aprendizado sobre a import\u00e2ncia das rela\u00e7\u00f5es afetivas no desenvolvimento das pessoas com TEA.<\/p>\n\n\n\n<p>A proposta central do evento \u00e9 discutir como o <strong>afeto e a conex\u00e3o emocional<\/strong> podem contribuir para que pessoas autistas desenvolvam plenamente suas capacidades. Pesquisadores e profissionais da \u00e1rea da educa\u00e7\u00e3o, psicologia e sa\u00fade ir\u00e3o compartilhar experi\u00eancias e estudos que apontam a afetividade como um elemento fundamental para o desenvolvimento das habilidades sociais, emocionais e cognitivas.<\/p>\n\n\n\n<p>Durante o simp\u00f3sio, os especialistas tamb\u00e9m abordar\u00e3o <strong>como as emo\u00e7\u00f5es se manifestam ao longo das diferentes fases da vida da pessoa com autismo<\/strong>, desde a inf\u00e2ncia at\u00e9 a vida adulta e a terceira idade. A programa\u00e7\u00e3o pretende ampliar a compreens\u00e3o sobre o espectro autista e oferecer subs\u00eddios para familiares, educadores e profissionais que atuam diretamente com esse p\u00fablico.<\/p>\n\n\n\n<p>Al\u00e9m de fortalecer a dissemina\u00e7\u00e3o de conhecimento cient\u00edfico, a iniciativa busca refor\u00e7ar a import\u00e2ncia de um olhar mais humano e sens\u00edvel para o autismo, estimulando pr\u00e1ticas de inclus\u00e3o que valorizem o potencial e a singularidade de cada pessoa.<\/p>\n\n\n\n<p>O Abril Azul tem se consolidado como um momento importante para dar visibilidade \u00e0 pauta da inclus\u00e3o, estimulando institui\u00e7\u00f5es, profissionais e a sociedade em geral a refletirem sobre caminhos que favore\u00e7am uma conviv\u00eancia mais respeitosa e acolhedora.<\/p>\n\n\n\n<h3 class=\"wp-block-heading\">Servi\u00e7o<\/h3>\n\n\n\n<p><strong>Simp\u00f3sio de Afetividade e Autismo<\/strong><br> <strong>17 de abril<\/strong> \u2013 das 13h30 \u00e0s 18h30<br> <strong>18 de abril<\/strong> \u2013 das 8h30 \u00e0s 18h30<\/p>\n\n\n\n<p> <strong>Local:<\/strong> Col\u00e9gio Pedro II \u2013 Audit\u00f3rio Mario Lago<br>Rua Campo de S\u00e3o Crist\u00f3v\u00e3o, 177 \u2013 S\u00e3o Crist\u00f3v\u00e3o \u2013 Rio de Janeiro<\/p>\n\n\n\n<p> <strong>Informa\u00e7\u00f5es:<\/strong> (21) 2163-5841 | (21) 9921-903<\/p>\n\n\n\n<p> Mais detalhes:<br><a href=\"https:\/\/wakeditora.com.br\/produto\/simposio-de-afetividade-e-autismo-presencial-rio-de-janeiro-2\/\">https:\/\/wakeditora.com.br\/produto\/simposio-de-afetividade-e-autismo-presencial-rio-de-janeiro-2\/<\/a><\/p>\n\n\n\n<p><\/p>\n","protected":false},"excerpt":{"rendered":"<p>Abril \u00e9 internacionalmente reconhecido como um per\u00edodo de mobiliza\u00e7\u00e3o social em torno da conscientiza\u00e7\u00e3o sobre<\/p>\n","protected":false},"author":1,"featured_media":987,"comment_status":"open","ping_status":"open","sticky":false,"template":"","format":"standard","meta":{"om_disable_all_campaigns":false,"_monsterinsights_skip_tracking":false,"_monsterinsights_sitenote_active":false,"_monsterinsights_sitenote_note":"","_monsterinsights_sitenote_category":0,"_uf_show_specific_survey":0,"_uf_disable_surveys":false,"footnotes":""},"categories":[6],"tags":[],"class_list":["post-986","post","type-post","status-publish","format-standard","has-post-thumbnail","hentry","category-autismo"],"yoast_head":"<!-- This site is optimized with the Yoast SEO plugin v27.4 - https:\/\/yoast.com\/product\/yoast-seo-wordpress\/ -->\n<title>Abril Azul promove reflex\u00e3o sobre inclus\u00e3o e afetividade no autismo com simp\u00f3sio no Rio de Janeiro - PORTAL INCLUIR<\/title>\n<meta name=\"robots\" content=\"index, follow, max-snippet:-1, max-image-preview:large, max-video-preview:-1\" \/>\n<link rel=\"canonical\" href=\"https:\/\/portalincluir.com.br\/index.php\/2026\/03\/12\/abril-azul-promove-reflexao-sobre-inclusao-e-afetividade-no-autismo-com-simposio-no-rio-de-janeiro\/\" \/>\n<meta property=\"og:locale\" content=\"pt_BR\" \/>\n<meta property=\"og:type\" content=\"article\" \/>\n<meta property=\"og:title\" content=\"Abril Azul promove reflex\u00e3o sobre inclus\u00e3o e afetividade no autismo com simp\u00f3sio no Rio de Janeiro - PORTAL INCLUIR\" \/>\n<meta property=\"og:description\" content=\"Abril \u00e9 internacionalmente reconhecido como um per\u00edodo de mobiliza\u00e7\u00e3o social em torno da conscientiza\u00e7\u00e3o sobre\" \/>\n<meta property=\"og:url\" content=\"https:\/\/portalincluir.com.br\/index.php\/2026\/03\/12\/abril-azul-promove-reflexao-sobre-inclusao-e-afetividade-no-autismo-com-simposio-no-rio-de-janeiro\/\" \/>\n<meta property=\"og:site_name\" content=\"PORTAL INCLUIR\" \/>\n<meta property=\"article:published_time\" content=\"2026-03-12T18:14:36+00:00\" \/>\n<meta property=\"article:modified_time\" content=\"2026-03-12T18:14:46+00:00\" \/>\n<meta property=\"og:image\" content=\"https:\/\/portalincluir.com.br\/wp-content\/uploads\/2026\/03\/images-1.jpeg\" \/>\n\t<meta property=\"og:image:width\" content=\"194\" \/>\n\t<meta property=\"og:image:height\" content=\"259\" \/>\n\t<meta property=\"og:image:type\" content=\"image\/jpeg\" \/>\n<meta name=\"author\" content=\"Portal Incluir\" \/>\n<meta name=\"twitter:card\" content=\"summary_large_image\" \/>\n<meta name=\"twitter:label1\" content=\"Escrito por\" \/>\n\t<meta name=\"twitter:data1\" content=\"Portal Incluir\" \/>\n\t<meta name=\"twitter:label2\" content=\"Est. tempo de leitura\" \/>\n\t<meta name=\"twitter:data2\" content=\"3 minutos\" \/>\n<script type=\"application\/ld+json\" class=\"yoast-schema-graph\">{\"@context\":\"https:\\\/\\\/schema.org\",\"@graph\":[{\"@type\":[\"Article\",\"BlogPosting\"],\"@id\":\"https:\\\/\\\/portalincluir.com.br\\\/index.php\\\/2026\\\/03\\\/12\\\/abril-azul-promove-reflexao-sobre-inclusao-e-afetividade-no-autismo-com-simposio-no-rio-de-janeiro\\\/#article\",\"isPartOf\":{\"@id\":\"https:\\\/\\\/portalincluir.com.br\\\/index.php\\\/2026\\\/03\\\/12\\\/abril-azul-promove-reflexao-sobre-inclusao-e-afetividade-no-autismo-com-simposio-no-rio-de-janeiro\\\/\"},\"author\":{\"name\":\"Portal Incluir\",\"@id\":\"https:\\\/\\\/portalincluir.com.br\\\/#\\\/schema\\\/person\\\/8823664e5902eee555607fb75c4c35ae\"},\"headline\":\"Abril Azul promove reflex\u00e3o sobre inclus\u00e3o e afetividade no autismo com simp\u00f3sio no Rio de Janeiro\",\"datePublished\":\"2026-03-12T18:14:36+00:00\",\"dateModified\":\"2026-03-12T18:14:46+00:00\",\"mainEntityOfPage\":{\"@id\":\"https:\\\/\\\/portalincluir.com.br\\\/index.php\\\/2026\\\/03\\\/12\\\/abril-azul-promove-reflexao-sobre-inclusao-e-afetividade-no-autismo-com-simposio-no-rio-de-janeiro\\\/\"},\"wordCount\":421,\"commentCount\":0,\"image\":{\"@id\":\"https:\\\/\\\/portalincluir.com.br\\\/index.php\\\/2026\\\/03\\\/12\\\/abril-azul-promove-reflexao-sobre-inclusao-e-afetividade-no-autismo-com-simposio-no-rio-de-janeiro\\\/#primaryimage\"},\"thumbnailUrl\":\"https:\\\/\\\/portalincluir.com.br\\\/wp-content\\\/uploads\\\/2026\\\/03\\\/images-1.jpeg\",\"articleSection\":[\"Autismo\"],\"inLanguage\":\"pt-BR\",\"potentialAction\":[{\"@type\":\"CommentAction\",\"name\":\"Comment\",\"target\":[\"https:\\\/\\\/portalincluir.com.br\\\/index.php\\\/2026\\\/03\\\/12\\\/abril-azul-promove-reflexao-sobre-inclusao-e-afetividade-no-autismo-com-simposio-no-rio-de-janeiro\\\/#respond\"]}]},{\"@type\":\"WebPage\",\"@id\":\"https:\\\/\\\/portalincluir.com.br\\\/index.php\\\/2026\\\/03\\\/12\\\/abril-azul-promove-reflexao-sobre-inclusao-e-afetividade-no-autismo-com-simposio-no-rio-de-janeiro\\\/\",\"url\":\"https:\\\/\\\/portalincluir.com.br\\\/index.php\\\/2026\\\/03\\\/12\\\/abril-azul-promove-reflexao-sobre-inclusao-e-afetividade-no-autismo-com-simposio-no-rio-de-janeiro\\\/\",\"name\":\"Abril Azul promove reflex\u00e3o sobre inclus\u00e3o e afetividade no autismo com simp\u00f3sio no Rio de Janeiro - PORTAL INCLUIR\",\"isPartOf\":{\"@id\":\"https:\\\/\\\/portalincluir.com.br\\\/#website\"},\"primaryImageOfPage\":{\"@id\":\"https:\\\/\\\/portalincluir.com.br\\\/index.php\\\/2026\\\/03\\\/12\\\/abril-azul-promove-reflexao-sobre-inclusao-e-afetividade-no-autismo-com-simposio-no-rio-de-janeiro\\\/#primaryimage\"},\"image\":{\"@id\":\"https:\\\/\\\/portalincluir.com.br\\\/index.php\\\/2026\\\/03\\\/12\\\/abril-azul-promove-reflexao-sobre-inclusao-e-afetividade-no-autismo-com-simposio-no-rio-de-janeiro\\\/#primaryimage\"},\"thumbnailUrl\":\"https:\\\/\\\/portalincluir.com.br\\\/wp-content\\\/uploads\\\/2026\\\/03\\\/images-1.jpeg\",\"datePublished\":\"2026-03-12T18:14:36+00:00\",\"dateModified\":\"2026-03-12T18:14:46+00:00\",\"author\":{\"@id\":\"https:\\\/\\\/portalincluir.com.br\\\/#\\\/schema\\\/person\\\/8823664e5902eee555607fb75c4c35ae\"},\"breadcrumb\":{\"@id\":\"https:\\\/\\\/portalincluir.com.br\\\/index.php\\\/2026\\\/03\\\/12\\\/abril-azul-promove-reflexao-sobre-inclusao-e-afetividade-no-autismo-com-simposio-no-rio-de-janeiro\\\/#breadcrumb\"},\"inLanguage\":\"pt-BR\",\"potentialAction\":[{\"@type\":\"ReadAction\",\"target\":[\"https:\\\/\\\/portalincluir.com.br\\\/index.php\\\/2026\\\/03\\\/12\\\/abril-azul-promove-reflexao-sobre-inclusao-e-afetividade-no-autismo-com-simposio-no-rio-de-janeiro\\\/\"]}]},{\"@type\":\"ImageObject\",\"inLanguage\":\"pt-BR\",\"@id\":\"https:\\\/\\\/portalincluir.com.br\\\/index.php\\\/2026\\\/03\\\/12\\\/abril-azul-promove-reflexao-sobre-inclusao-e-afetividade-no-autismo-com-simposio-no-rio-de-janeiro\\\/#primaryimage\",\"url\":\"https:\\\/\\\/portalincluir.com.br\\\/wp-content\\\/uploads\\\/2026\\\/03\\\/images-1.jpeg\",\"contentUrl\":\"https:\\\/\\\/portalincluir.com.br\\\/wp-content\\\/uploads\\\/2026\\\/03\\\/images-1.jpeg\",\"width\":194,\"height\":259},{\"@type\":\"BreadcrumbList\",\"@id\":\"https:\\\/\\\/portalincluir.com.br\\\/index.php\\\/2026\\\/03\\\/12\\\/abril-azul-promove-reflexao-sobre-inclusao-e-afetividade-no-autismo-com-simposio-no-rio-de-janeiro\\\/#breadcrumb\",\"itemListElement\":[{\"@type\":\"ListItem\",\"position\":1,\"name\":\"In\u00edcio\",\"item\":\"https:\\\/\\\/portalincluir.com.br\\\/\"},{\"@type\":\"ListItem\",\"position\":2,\"name\":\"Abril Azul promove reflex\u00e3o sobre inclus\u00e3o e afetividade no autismo com simp\u00f3sio no Rio de Janeiro\"}]},{\"@type\":\"WebSite\",\"@id\":\"https:\\\/\\\/portalincluir.com.br\\\/#website\",\"url\":\"https:\\\/\\\/portalincluir.com.br\\\/\",\"name\":\"PORTAL INCLUIR\",\"description\":\"\",\"potentialAction\":[{\"@type\":\"SearchAction\",\"target\":{\"@type\":\"EntryPoint\",\"urlTemplate\":\"https:\\\/\\\/portalincluir.com.br\\\/?s={search_term_string}\"},\"query-input\":{\"@type\":\"PropertyValueSpecification\",\"valueRequired\":true,\"valueName\":\"search_term_string\"}}],\"inLanguage\":\"pt-BR\"},{\"@type\":\"Person\",\"@id\":\"https:\\\/\\\/portalincluir.com.br\\\/#\\\/schema\\\/person\\\/8823664e5902eee555607fb75c4c35ae\",\"name\":\"Portal Incluir\",\"image\":{\"@type\":\"ImageObject\",\"inLanguage\":\"pt-BR\",\"@id\":\"https:\\\/\\\/secure.gravatar.com\\\/avatar\\\/12085fe17e70c3550551519fe1f8f51fae69b1748563a47fc3bea53d91fbcbbd?s=96&d=mm&r=g\",\"url\":\"https:\\\/\\\/secure.gravatar.com\\\/avatar\\\/12085fe17e70c3550551519fe1f8f51fae69b1748563a47fc3bea53d91fbcbbd?s=96&d=mm&r=g\",\"contentUrl\":\"https:\\\/\\\/secure.gravatar.com\\\/avatar\\\/12085fe17e70c3550551519fe1f8f51fae69b1748563a47fc3bea53d91fbcbbd?s=96&d=mm&r=g\",\"caption\":\"Portal Incluir\"},\"sameAs\":[\"http:\\\/\\\/portalincluir.com.br\"],\"url\":\"https:\\\/\\\/portalincluir.com.br\\\/index.php\\\/author\\\/portalincluir-com-br\\\/\"}]}<\/script>\n<!-- \/ Yoast SEO plugin. -->","yoast_head_json":{"title":"Abril Azul promove reflex\u00e3o sobre inclus\u00e3o e afetividade no autismo com simp\u00f3sio no Rio de Janeiro - PORTAL INCLUIR","robots":{"index":"index","follow":"follow","max-snippet":"max-snippet:-1","max-image-preview":"max-image-preview:large","max-video-preview":"max-video-preview:-1"},"canonical":"https:\/\/portalincluir.com.br\/index.php\/2026\/03\/12\/abril-azul-promove-reflexao-sobre-inclusao-e-afetividade-no-autismo-com-simposio-no-rio-de-janeiro\/","og_locale":"pt_BR","og_type":"article","og_title":"Abril Azul promove reflex\u00e3o sobre inclus\u00e3o e afetividade no autismo com simp\u00f3sio no Rio de Janeiro - PORTAL INCLUIR","og_description":"Abril \u00e9 internacionalmente reconhecido como um per\u00edodo de mobiliza\u00e7\u00e3o social em torno da conscientiza\u00e7\u00e3o sobre","og_url":"https:\/\/portalincluir.com.br\/index.php\/2026\/03\/12\/abril-azul-promove-reflexao-sobre-inclusao-e-afetividade-no-autismo-com-simposio-no-rio-de-janeiro\/","og_site_name":"PORTAL INCLUIR","article_published_time":"2026-03-12T18:14:36+00:00","article_modified_time":"2026-03-12T18:14:46+00:00","og_image":[{"width":194,"height":259,"url":"https:\/\/portalincluir.com.br\/wp-content\/uploads\/2026\/03\/images-1.jpeg","type":"image\/jpeg"}],"author":"Portal Incluir","twitter_card":"summary_large_image","twitter_misc":{"Escrito por":"Portal Incluir","Est. tempo de leitura":"3 minutos"},"schema":{"@context":"https:\/\/schema.org","@graph":[{"@type":["Article","BlogPosting"],"@id":"https:\/\/portalincluir.com.br\/index.php\/2026\/03\/12\/abril-azul-promove-reflexao-sobre-inclusao-e-afetividade-no-autismo-com-simposio-no-rio-de-janeiro\/#article","isPartOf":{"@id":"https:\/\/portalincluir.com.br\/index.php\/2026\/03\/12\/abril-azul-promove-reflexao-sobre-inclusao-e-afetividade-no-autismo-com-simposio-no-rio-de-janeiro\/"},"author":{"name":"Portal Incluir","@id":"https:\/\/portalincluir.com.br\/#\/schema\/person\/8823664e5902eee555607fb75c4c35ae"},"headline":"Abril Azul promove reflex\u00e3o sobre inclus\u00e3o e afetividade no autismo com simp\u00f3sio no Rio de Janeiro","datePublished":"2026-03-12T18:14:36+00:00","dateModified":"2026-03-12T18:14:46+00:00","mainEntityOfPage":{"@id":"https:\/\/portalincluir.com.br\/index.php\/2026\/03\/12\/abril-azul-promove-reflexao-sobre-inclusao-e-afetividade-no-autismo-com-simposio-no-rio-de-janeiro\/"},"wordCount":421,"commentCount":0,"image":{"@id":"https:\/\/portalincluir.com.br\/index.php\/2026\/03\/12\/abril-azul-promove-reflexao-sobre-inclusao-e-afetividade-no-autismo-com-simposio-no-rio-de-janeiro\/#primaryimage"},"thumbnailUrl":"https:\/\/portalincluir.com.br\/wp-content\/uploads\/2026\/03\/images-1.jpeg","articleSection":["Autismo"],"inLanguage":"pt-BR","potentialAction":[{"@type":"CommentAction","name":"Comment","target":["https:\/\/portalincluir.com.br\/index.php\/2026\/03\/12\/abril-azul-promove-reflexao-sobre-inclusao-e-afetividade-no-autismo-com-simposio-no-rio-de-janeiro\/#respond"]}]},{"@type":"WebPage","@id":"https:\/\/portalincluir.com.br\/index.php\/2026\/03\/12\/abril-azul-promove-reflexao-sobre-inclusao-e-afetividade-no-autismo-com-simposio-no-rio-de-janeiro\/","url":"https:\/\/portalincluir.com.br\/index.php\/2026\/03\/12\/abril-azul-promove-reflexao-sobre-inclusao-e-afetividade-no-autismo-com-simposio-no-rio-de-janeiro\/","name":"Abril Azul promove reflex\u00e3o sobre inclus\u00e3o e afetividade no autismo com simp\u00f3sio no Rio de Janeiro - PORTAL INCLUIR","isPartOf":{"@id":"https:\/\/portalincluir.com.br\/#website"},"primaryImageOfPage":{"@id":"https:\/\/portalincluir.com.br\/index.php\/2026\/03\/12\/abril-azul-promove-reflexao-sobre-inclusao-e-afetividade-no-autismo-com-simposio-no-rio-de-janeiro\/#primaryimage"},"image":{"@id":"https:\/\/portalincluir.com.br\/index.php\/2026\/03\/12\/abril-azul-promove-reflexao-sobre-inclusao-e-afetividade-no-autismo-com-simposio-no-rio-de-janeiro\/#primaryimage"},"thumbnailUrl":"https:\/\/portalincluir.com.br\/wp-content\/uploads\/2026\/03\/images-1.jpeg","datePublished":"2026-03-12T18:14:36+00:00","dateModified":"2026-03-12T18:14:46+00:00","author":{"@id":"https:\/\/portalincluir.com.br\/#\/schema\/person\/8823664e5902eee555607fb75c4c35ae"},"breadcrumb":{"@id":"https:\/\/portalincluir.com.br\/index.php\/2026\/03\/12\/abril-azul-promove-reflexao-sobre-inclusao-e-afetividade-no-autismo-com-simposio-no-rio-de-janeiro\/#breadcrumb"},"inLanguage":"pt-BR","potentialAction":[{"@type":"ReadAction","target":["https:\/\/portalincluir.com.br\/index.php\/2026\/03\/12\/abril-azul-promove-reflexao-sobre-inclusao-e-afetividade-no-autismo-com-simposio-no-rio-de-janeiro\/"]}]},{"@type":"ImageObject","inLanguage":"pt-BR","@id":"https:\/\/portalincluir.com.br\/index.php\/2026\/03\/12\/abril-azul-promove-reflexao-sobre-inclusao-e-afetividade-no-autismo-com-simposio-no-rio-de-janeiro\/#primaryimage","url":"https:\/\/portalincluir.com.br\/wp-content\/uploads\/2026\/03\/images-1.jpeg","contentUrl":"https:\/\/portalincluir.com.br\/wp-content\/uploads\/2026\/03\/images-1.jpeg","width":194,"height":259},{"@type":"BreadcrumbList","@id":"https:\/\/portalincluir.com.br\/index.php\/2026\/03\/12\/abril-azul-promove-reflexao-sobre-inclusao-e-afetividade-no-autismo-com-simposio-no-rio-de-janeiro\/#breadcrumb","itemListElement":[{"@type":"ListItem","position":1,"name":"In\u00edcio","item":"https:\/\/portalincluir.com.br\/"},{"@type":"ListItem","position":2,"name":"Abril Azul promove reflex\u00e3o sobre inclus\u00e3o e afetividade no autismo com simp\u00f3sio no Rio de Janeiro"}]},{"@type":"WebSite","@id":"https:\/\/portalincluir.com.br\/#website","url":"https:\/\/portalincluir.com.br\/","name":"PORTAL INCLUIR","description":"","potentialAction":[{"@type":"SearchAction","target":{"@type":"EntryPoint","urlTemplate":"https:\/\/portalincluir.com.br\/?s={search_term_string}"},"query-input":{"@type":"PropertyValueSpecification","valueRequired":true,"valueName":"search_term_string"}}],"inLanguage":"pt-BR"},{"@type":"Person","@id":"https:\/\/portalincluir.com.br\/#\/schema\/person\/8823664e5902eee555607fb75c4c35ae","name":"Portal Incluir","image":{"@type":"ImageObject","inLanguage":"pt-BR","@id":"https:\/\/secure.gravatar.com\/avatar\/12085fe17e70c3550551519fe1f8f51fae69b1748563a47fc3bea53d91fbcbbd?s=96&d=mm&r=g","url":"https:\/\/secure.gravatar.com\/avatar\/12085fe17e70c3550551519fe1f8f51fae69b1748563a47fc3bea53d91fbcbbd?s=96&d=mm&r=g","contentUrl":"https:\/\/secure.gravatar.com\/avatar\/12085fe17e70c3550551519fe1f8f51fae69b1748563a47fc3bea53d91fbcbbd?s=96&d=mm&r=g","caption":"Portal Incluir"},"sameAs":["http:\/\/portalincluir.com.br"],"url":"https:\/\/portalincluir.com.br\/index.php\/author\/portalincluir-com-br\/"}]}},"_links":{"self":[{"href":"https:\/\/portalincluir.com.br\/index.php\/wp-json\/wp\/v2\/posts\/986","targetHints":{"allow":["GET"]}}],"collection":[{"href":"https:\/\/portalincluir.com.br\/index.php\/wp-json\/wp\/v2\/posts"}],"about":[{"href":"https:\/\/portalincluir.com.br\/index.php\/wp-json\/wp\/v2\/types\/post"}],"author":[{"embeddable":true,"href":"https:\/\/portalincluir.com.br\/index.php\/wp-json\/wp\/v2\/users\/1"}],"replies":[{"embeddable":true,"href":"https:\/\/portalincluir.com.br\/index.php\/wp-json\/wp\/v2\/comments?post=986"}],"version-history":[{"count":1,"href":"https:\/\/portalincluir.com.br\/index.php\/wp-json\/wp\/v2\/posts\/986\/revisions"}],"predecessor-version":[{"id":988,"href":"https:\/\/portalincluir.com.br\/index.php\/wp-json\/wp\/v2\/posts\/986\/revisions\/988"}],"wp:featuredmedia":[{"embeddable":true,"href":"https:\/\/portalincluir.com.br\/index.php\/wp-json\/wp\/v2\/media\/987"}],"wp:attachment":[{"href":"https:\/\/portalincluir.com.br\/index.php\/wp-json\/wp\/v2\/media?parent=986"}],"wp:term":[{"taxonomy":"category","embeddable":true,"href":"https:\/\/portalincluir.com.br\/index.php\/wp-json\/wp\/v2\/categories?post=986"},{"taxonomy":"post_tag","embeddable":true,"href":"https:\/\/portalincluir.com.br\/index.php\/wp-json\/wp\/v2\/tags?post=986"}],"curies":[{"name":"wp","href":"https:\/\/api.w.org\/{rel}","templated":true}]}}