{"id":989,"date":"2026-03-12T15:32:57","date_gmt":"2026-03-12T18:32:57","guid":{"rendered":"https:\/\/portalincluir.com.br\/?p=989"},"modified":"2026-03-12T15:32:58","modified_gmt":"2026-03-12T18:32:58","slug":"autonomia-e-respeito-caminhos-para-a-independencia-de-pessoas-com-sindrome-de-down","status":"publish","type":"post","link":"https:\/\/portalincluir.com.br\/index.php\/2026\/03\/12\/autonomia-e-respeito-caminhos-para-a-independencia-de-pessoas-com-sindrome-de-down\/","title":{"rendered":"Autonomia e respeito: caminhos para a independ\u00eancia de pessoas com S\u00edndrome de Down"},"content":{"rendered":"\n<p>\u00c0 medida que a sociedade avan\u00e7a no debate sobre inclus\u00e3o, cresce tamb\u00e9m a compreens\u00e3o de que pessoas com <strong>S\u00edndrome de Down<\/strong>, ou <strong>Trissomia 21<\/strong>, t\u00eam potencial para desenvolver autonomia, construir projetos de vida e participar ativamente da sociedade. Mais do que falar sobre limita\u00e7\u00f5es, especialistas defendem um olhar voltado para oportunidades, respeito \u00e0 individualidade e valoriza\u00e7\u00e3o das experi\u00eancias humanas.<\/p>\n\n\n\n<p>Esse foi o tema central de uma entrevista concedida ao programa <em>Inclus\u00e3o em Foco<\/em> pelo educador e pesquisador <strong>Eduardo de Campos Garcia<\/strong>, doutor e mestre em educa\u00e7\u00e3o, PhD em psican\u00e1lise cl\u00ednica e p\u00f3s-doutor em educa\u00e7\u00e3o e sa\u00fade na inf\u00e2ncia e adolesc\u00eancia. Com mais de tr\u00eas d\u00e9cadas dedicadas \u00e0 pesquisa sobre inclus\u00e3o social e educa\u00e7\u00e3o inclusiva, o especialista prop\u00f5e uma mudan\u00e7a de perspectiva: enxergar a pessoa com S\u00edndrome de Down antes de tudo como sujeito social, com identidade, cultura e autonomia.<\/p>\n\n\n\n<p>Segundo Garcia, por muito tempo a hist\u00f3ria das pessoas com S\u00edndrome de Down foi marcada por uma vis\u00e3o estritamente cl\u00ednica, que as classificava a partir de diagn\u00f3sticos e limita\u00e7\u00f5es. Ao longo do s\u00e9culo XX, termos pejorativos e concep\u00e7\u00f5es equivocadas contribu\u00edram para alimentar preconceitos que ainda persistem em parte da sociedade.<\/p>\n\n\n\n<p>\u201cHoje precisamos avan\u00e7ar para um olhar socioantropol\u00f3gico, que reconhece essas pessoas como seres humanos completos, capazes de construir cultura, rela\u00e7\u00f5es e trajet\u00f3rias pr\u00f3prias\u201d, explica.<\/p>\n\n\n\n<h3 class=\"wp-block-heading\">Autonomia come\u00e7a cedo<\/h3>\n\n\n\n<p>Para o pesquisador, o est\u00edmulo \u00e0 autonomia deve come\u00e7ar desde a inf\u00e2ncia. Atividades simples do cotidiano \u2014 como alimenta\u00e7\u00e3o, higiene pessoal e organiza\u00e7\u00e3o de objetos \u2014 ajudam a desenvolver habilidades fundamentais para a vida di\u00e1ria.<\/p>\n\n\n\n<p>Brincadeiras e exerc\u00edcios tamb\u00e9m podem contribuir para o desenvolvimento motor e cognitivo, desde que respeitem as condi\u00e7\u00f5es individuais de cada crian\u00e7a. Movimentos com bolas, exerc\u00edcios de coordena\u00e7\u00e3o motora com l\u00e1pis mais grossos, al\u00e9m de subir e descer escadas sob supervis\u00e3o, est\u00e3o entre exemplos citados pelo especialista.<\/p>\n\n\n\n<p>No entanto, Garcia faz um alerta: qualquer atividade deve considerar as orienta\u00e7\u00f5es m\u00e9dicas e as caracter\u00edsticas espec\u00edficas de cada crian\u00e7a, especialmente em casos de cardiopatias ou outras condi\u00e7\u00f5es associadas.<\/p>\n\n\n\n<h3 class=\"wp-block-heading\">Ambiente faz diferen\u00e7a<\/h3>\n\n\n\n<p>Outro ponto destacado pelo pesquisador \u00e9 que muitas dificuldades atribu\u00eddas \u00e0s pessoas com defici\u00eancia n\u00e3o est\u00e3o nelas, mas no ambiente ao redor. A chamada vis\u00e3o bioecol\u00f3gica defende que barreiras sociais, arquitet\u00f4nicas ou educacionais podem limitar a participa\u00e7\u00e3o dessas pessoas.<\/p>\n\n\n\n<p>\u201cQuando um indiv\u00edduo n\u00e3o consegue realizar determinada tarefa, muitas vezes o problema n\u00e3o est\u00e1 nele, mas no ambiente que n\u00e3o foi preparado para acolh\u00ea-lo\u201d, afirma.<\/p>\n\n\n\n<p>Por isso, adaptar espa\u00e7os e oferecer est\u00edmulos adequados \u00e9 essencial para ampliar a participa\u00e7\u00e3o social.<\/p>\n\n\n\n<h3 class=\"wp-block-heading\">Entre terapias e experi\u00eancias de vida<\/h3>\n\n\n\n<p>Garcia tamb\u00e9m chama aten\u00e7\u00e3o para um equil\u00edbrio necess\u00e1rio entre terapias e experi\u00eancias sociais. Muitas fam\u00edlias, na tentativa de oferecer o melhor tratamento poss\u00edvel, acabam sobrecarregando a rotina da crian\u00e7a com atendimentos cl\u00ednicos.<\/p>\n\n\n\n<p>Embora terapias como fonoaudiologia e fisioterapia sejam importantes, o especialista ressalta que a vida n\u00e3o pode se resumir a ambientes cl\u00ednicos.<\/p>\n\n\n\n<p>\u201c\u00c9 preciso que essa crian\u00e7a viva experi\u00eancias. Viajar, ir ao teatro, brincar na praia, ouvir m\u00fasica, se sujar de terra, conviver com outras crian\u00e7as. A vida tamb\u00e9m \u00e9 feita dessas descobertas\u201d, destaca.<\/p>\n\n\n\n<p>Segundo ele, essas viv\u00eancias contribuem para o desenvolvimento emocional, social e cognitivo, al\u00e9m de fortalecer v\u00ednculos familiares.<\/p>\n\n\n\n<h3 class=\"wp-block-heading\">Superprote\u00e7\u00e3o tamb\u00e9m pode ser obst\u00e1culo<\/h3>\n\n\n\n<p>Entre os desafios enfrentados pelas pessoas com S\u00edndrome de Down est\u00e1 a superprote\u00e7\u00e3o familiar. Muitas vezes, por medo ou inseguran\u00e7a, familiares acabam realizando tarefas que a pr\u00f3pria pessoa poderia fazer.<\/p>\n\n\n\n<p>Esse comportamento, de acordo com Garcia, pode limitar o desenvolvimento da autoestima e da autonomia.<\/p>\n\n\n\n<p>\u201cErrar, cair, experimentar faz parte do aprendizado humano. Quando impedimos essas experi\u00eancias, acabamos restringindo o crescimento dessa pessoa\u201d, explica.<\/p>\n\n\n\n<p>Permitir que a crian\u00e7a escolha roupas, experimente novos alimentos ou participe de decis\u00f5es simples do cotidiano s\u00e3o formas de fortalecer sua independ\u00eancia.<\/p>\n\n\n\n<h3 class=\"wp-block-heading\">Inclus\u00e3o que transforma vidas<\/h3>\n\n\n\n<p>Apesar dos desafios, exemplos de autonomia j\u00e1 s\u00e3o realidade em diversas \u00e1reas. Pessoas com S\u00edndrome de Down t\u00eam conquistado espa\u00e7o na educa\u00e7\u00e3o, no mercado de trabalho e em diferentes setores da sociedade.<\/p>\n\n\n\n<p>H\u00e1 casos de jovens formados em cursos superiores, profissionais atuando no com\u00e9rcio, em escrit\u00f3rios e em projetos educacionais. Para o pesquisador, esses avan\u00e7os mostram que o potencial existe \u2014 o que muitas vezes falta \u00e9 oportunidade.<\/p>\n\n\n\n<p>\u201cQuando oferecemos est\u00edmulos, apoio e liberdade para experimentar o mundo, essas pessoas mostram capacidades que durante muito tempo foram ignoradas\u201d, afirma.<\/p>\n\n\n\n<h3 class=\"wp-block-heading\">Um futuro constru\u00eddo com inclus\u00e3o<\/h3>\n\n\n\n<p>A hist\u00f3ria das pessoas com S\u00edndrome de Down tamb\u00e9m carrega epis\u00f3dios dolorosos de discrimina\u00e7\u00e3o e exclus\u00e3o, inclusive pr\u00e1ticas cient\u00edficas equivocadas que refor\u00e7aram preconceitos ao longo do s\u00e9culo passado.<\/p>\n\n\n\n<p>Por isso, Garcia defende que conhecer o passado \u00e9 fundamental para construir um futuro mais inclusivo.<\/p>\n\n\n\n<p>\u201cPrecisamos romper com narrativas antigas e enxergar cada pessoa em sua singularidade. Autonomia n\u00e3o significa aus\u00eancia de apoio, mas sim respeito \u00e0 identidade e ao direito de viver plenamente.\u201d<\/p>\n\n\n\n<p>Para fam\u00edlias, educadores e sociedade, a mensagem \u00e9 clara: inclus\u00e3o n\u00e3o \u00e9 apenas um conceito, mas uma pr\u00e1tica di\u00e1ria que come\u00e7a com respeito, oportunidades e confian\u00e7a no potencial de cada indiv\u00edduo.<\/p>\n\n\n\n<p>Assistsa a entrevista:<\/p>\n\n\n\n<iframe loading=\"lazy\" width=\"560\" height=\"315\" src=\"https:\/\/www.youtube.com\/embed\/np7HSGd-O10?si=2DyE_-NlftOFq6Sg\" title=\"YouTube video player\" frameborder=\"0\" allow=\"accelerometer; autoplay; clipboard-write; encrypted-media; gyroscope; picture-in-picture; web-share\" referrerpolicy=\"strict-origin-when-cross-origin\" allowfullscreen><\/iframe>\n\n\n\n<p>Por J\u00fanior Patente<\/p>\n","protected":false},"excerpt":{"rendered":"<p>\u00c0 medida que a sociedade avan\u00e7a no debate sobre inclus\u00e3o, cresce tamb\u00e9m a compreens\u00e3o de<\/p>\n","protected":false},"author":1,"featured_media":990,"comment_status":"open","ping_status":"open","sticky":false,"template":"","format":"standard","meta":{"om_disable_all_campaigns":false,"_monsterinsights_skip_tracking":false,"_monsterinsights_sitenote_active":false,"_monsterinsights_sitenote_note":"","_monsterinsights_sitenote_category":0,"_uf_show_specific_survey":0,"_uf_disable_surveys":false,"footnotes":""},"categories":[1,7],"tags":[],"class_list":["post-989","post","type-post","status-publish","format-standard","has-post-thumbnail","hentry","category-portal","category-t21"],"yoast_head":"<!-- This site is optimized with the Yoast SEO plugin v27.4 - https:\/\/yoast.com\/product\/yoast-seo-wordpress\/ -->\n<title>Autonomia e respeito: caminhos para a independ\u00eancia de pessoas com S\u00edndrome de Down - PORTAL INCLUIR<\/title>\n<meta name=\"robots\" content=\"index, follow, max-snippet:-1, max-image-preview:large, max-video-preview:-1\" \/>\n<link rel=\"canonical\" href=\"https:\/\/portalincluir.com.br\/index.php\/2026\/03\/12\/autonomia-e-respeito-caminhos-para-a-independencia-de-pessoas-com-sindrome-de-down\/\" \/>\n<meta property=\"og:locale\" content=\"pt_BR\" \/>\n<meta property=\"og:type\" content=\"article\" \/>\n<meta property=\"og:title\" content=\"Autonomia e respeito: caminhos para a independ\u00eancia de pessoas com S\u00edndrome de Down - PORTAL INCLUIR\" \/>\n<meta property=\"og:description\" content=\"\u00c0 medida que a sociedade avan\u00e7a no debate sobre inclus\u00e3o, cresce tamb\u00e9m a compreens\u00e3o de\" \/>\n<meta property=\"og:url\" content=\"https:\/\/portalincluir.com.br\/index.php\/2026\/03\/12\/autonomia-e-respeito-caminhos-para-a-independencia-de-pessoas-com-sindrome-de-down\/\" \/>\n<meta property=\"og:site_name\" content=\"PORTAL INCLUIR\" \/>\n<meta property=\"article:published_time\" content=\"2026-03-12T18:32:57+00:00\" \/>\n<meta property=\"article:modified_time\" content=\"2026-03-12T18:32:58+00:00\" \/>\n<meta property=\"og:image\" content=\"https:\/\/portalincluir.com.br\/wp-content\/uploads\/2026\/03\/WhatsApp-Image-2026-03-09-at-14.08.22.jpeg\" \/>\n\t<meta property=\"og:image:width\" content=\"1220\" \/>\n\t<meta property=\"og:image:height\" content=\"812\" \/>\n\t<meta property=\"og:image:type\" content=\"image\/jpeg\" \/>\n<meta name=\"author\" content=\"Portal Incluir\" \/>\n<meta name=\"twitter:card\" content=\"summary_large_image\" \/>\n<meta name=\"twitter:label1\" content=\"Escrito por\" \/>\n\t<meta name=\"twitter:data1\" content=\"Portal Incluir\" \/>\n\t<meta name=\"twitter:label2\" content=\"Est. tempo de leitura\" \/>\n\t<meta name=\"twitter:data2\" content=\"5 minutos\" \/>\n<script type=\"application\/ld+json\" class=\"yoast-schema-graph\">{\"@context\":\"https:\\\/\\\/schema.org\",\"@graph\":[{\"@type\":[\"Article\",\"BlogPosting\"],\"@id\":\"https:\\\/\\\/portalincluir.com.br\\\/index.php\\\/2026\\\/03\\\/12\\\/autonomia-e-respeito-caminhos-para-a-independencia-de-pessoas-com-sindrome-de-down\\\/#article\",\"isPartOf\":{\"@id\":\"https:\\\/\\\/portalincluir.com.br\\\/index.php\\\/2026\\\/03\\\/12\\\/autonomia-e-respeito-caminhos-para-a-independencia-de-pessoas-com-sindrome-de-down\\\/\"},\"author\":{\"name\":\"Portal Incluir\",\"@id\":\"https:\\\/\\\/portalincluir.com.br\\\/#\\\/schema\\\/person\\\/8823664e5902eee555607fb75c4c35ae\"},\"headline\":\"Autonomia e respeito: caminhos para a independ\u00eancia de pessoas com S\u00edndrome de Down\",\"datePublished\":\"2026-03-12T18:32:57+00:00\",\"dateModified\":\"2026-03-12T18:32:58+00:00\",\"mainEntityOfPage\":{\"@id\":\"https:\\\/\\\/portalincluir.com.br\\\/index.php\\\/2026\\\/03\\\/12\\\/autonomia-e-respeito-caminhos-para-a-independencia-de-pessoas-com-sindrome-de-down\\\/\"},\"wordCount\":957,\"commentCount\":0,\"image\":{\"@id\":\"https:\\\/\\\/portalincluir.com.br\\\/index.php\\\/2026\\\/03\\\/12\\\/autonomia-e-respeito-caminhos-para-a-independencia-de-pessoas-com-sindrome-de-down\\\/#primaryimage\"},\"thumbnailUrl\":\"https:\\\/\\\/portalincluir.com.br\\\/wp-content\\\/uploads\\\/2026\\\/03\\\/WhatsApp-Image-2026-03-09-at-14.08.22.jpeg\",\"articleSection\":[\"Portal\",\"T21\"],\"inLanguage\":\"pt-BR\",\"potentialAction\":[{\"@type\":\"CommentAction\",\"name\":\"Comment\",\"target\":[\"https:\\\/\\\/portalincluir.com.br\\\/index.php\\\/2026\\\/03\\\/12\\\/autonomia-e-respeito-caminhos-para-a-independencia-de-pessoas-com-sindrome-de-down\\\/#respond\"]}]},{\"@type\":\"WebPage\",\"@id\":\"https:\\\/\\\/portalincluir.com.br\\\/index.php\\\/2026\\\/03\\\/12\\\/autonomia-e-respeito-caminhos-para-a-independencia-de-pessoas-com-sindrome-de-down\\\/\",\"url\":\"https:\\\/\\\/portalincluir.com.br\\\/index.php\\\/2026\\\/03\\\/12\\\/autonomia-e-respeito-caminhos-para-a-independencia-de-pessoas-com-sindrome-de-down\\\/\",\"name\":\"Autonomia e respeito: caminhos para a independ\u00eancia de pessoas com S\u00edndrome de Down - PORTAL INCLUIR\",\"isPartOf\":{\"@id\":\"https:\\\/\\\/portalincluir.com.br\\\/#website\"},\"primaryImageOfPage\":{\"@id\":\"https:\\\/\\\/portalincluir.com.br\\\/index.php\\\/2026\\\/03\\\/12\\\/autonomia-e-respeito-caminhos-para-a-independencia-de-pessoas-com-sindrome-de-down\\\/#primaryimage\"},\"image\":{\"@id\":\"https:\\\/\\\/portalincluir.com.br\\\/index.php\\\/2026\\\/03\\\/12\\\/autonomia-e-respeito-caminhos-para-a-independencia-de-pessoas-com-sindrome-de-down\\\/#primaryimage\"},\"thumbnailUrl\":\"https:\\\/\\\/portalincluir.com.br\\\/wp-content\\\/uploads\\\/2026\\\/03\\\/WhatsApp-Image-2026-03-09-at-14.08.22.jpeg\",\"datePublished\":\"2026-03-12T18:32:57+00:00\",\"dateModified\":\"2026-03-12T18:32:58+00:00\",\"author\":{\"@id\":\"https:\\\/\\\/portalincluir.com.br\\\/#\\\/schema\\\/person\\\/8823664e5902eee555607fb75c4c35ae\"},\"breadcrumb\":{\"@id\":\"https:\\\/\\\/portalincluir.com.br\\\/index.php\\\/2026\\\/03\\\/12\\\/autonomia-e-respeito-caminhos-para-a-independencia-de-pessoas-com-sindrome-de-down\\\/#breadcrumb\"},\"inLanguage\":\"pt-BR\",\"potentialAction\":[{\"@type\":\"ReadAction\",\"target\":[\"https:\\\/\\\/portalincluir.com.br\\\/index.php\\\/2026\\\/03\\\/12\\\/autonomia-e-respeito-caminhos-para-a-independencia-de-pessoas-com-sindrome-de-down\\\/\"]}]},{\"@type\":\"ImageObject\",\"inLanguage\":\"pt-BR\",\"@id\":\"https:\\\/\\\/portalincluir.com.br\\\/index.php\\\/2026\\\/03\\\/12\\\/autonomia-e-respeito-caminhos-para-a-independencia-de-pessoas-com-sindrome-de-down\\\/#primaryimage\",\"url\":\"https:\\\/\\\/portalincluir.com.br\\\/wp-content\\\/uploads\\\/2026\\\/03\\\/WhatsApp-Image-2026-03-09-at-14.08.22.jpeg\",\"contentUrl\":\"https:\\\/\\\/portalincluir.com.br\\\/wp-content\\\/uploads\\\/2026\\\/03\\\/WhatsApp-Image-2026-03-09-at-14.08.22.jpeg\",\"width\":1220,\"height\":812},{\"@type\":\"BreadcrumbList\",\"@id\":\"https:\\\/\\\/portalincluir.com.br\\\/index.php\\\/2026\\\/03\\\/12\\\/autonomia-e-respeito-caminhos-para-a-independencia-de-pessoas-com-sindrome-de-down\\\/#breadcrumb\",\"itemListElement\":[{\"@type\":\"ListItem\",\"position\":1,\"name\":\"In\u00edcio\",\"item\":\"https:\\\/\\\/portalincluir.com.br\\\/\"},{\"@type\":\"ListItem\",\"position\":2,\"name\":\"Autonomia e respeito: caminhos para a independ\u00eancia de pessoas com S\u00edndrome de Down\"}]},{\"@type\":\"WebSite\",\"@id\":\"https:\\\/\\\/portalincluir.com.br\\\/#website\",\"url\":\"https:\\\/\\\/portalincluir.com.br\\\/\",\"name\":\"PORTAL INCLUIR\",\"description\":\"\",\"potentialAction\":[{\"@type\":\"SearchAction\",\"target\":{\"@type\":\"EntryPoint\",\"urlTemplate\":\"https:\\\/\\\/portalincluir.com.br\\\/?s={search_term_string}\"},\"query-input\":{\"@type\":\"PropertyValueSpecification\",\"valueRequired\":true,\"valueName\":\"search_term_string\"}}],\"inLanguage\":\"pt-BR\"},{\"@type\":\"Person\",\"@id\":\"https:\\\/\\\/portalincluir.com.br\\\/#\\\/schema\\\/person\\\/8823664e5902eee555607fb75c4c35ae\",\"name\":\"Portal Incluir\",\"image\":{\"@type\":\"ImageObject\",\"inLanguage\":\"pt-BR\",\"@id\":\"https:\\\/\\\/secure.gravatar.com\\\/avatar\\\/12085fe17e70c3550551519fe1f8f51fae69b1748563a47fc3bea53d91fbcbbd?s=96&d=mm&r=g\",\"url\":\"https:\\\/\\\/secure.gravatar.com\\\/avatar\\\/12085fe17e70c3550551519fe1f8f51fae69b1748563a47fc3bea53d91fbcbbd?s=96&d=mm&r=g\",\"contentUrl\":\"https:\\\/\\\/secure.gravatar.com\\\/avatar\\\/12085fe17e70c3550551519fe1f8f51fae69b1748563a47fc3bea53d91fbcbbd?s=96&d=mm&r=g\",\"caption\":\"Portal Incluir\"},\"sameAs\":[\"http:\\\/\\\/portalincluir.com.br\"],\"url\":\"https:\\\/\\\/portalincluir.com.br\\\/index.php\\\/author\\\/portalincluir-com-br\\\/\"}]}<\/script>\n<!-- \/ Yoast SEO plugin. -->","yoast_head_json":{"title":"Autonomia e respeito: caminhos para a independ\u00eancia de pessoas com S\u00edndrome de Down - PORTAL INCLUIR","robots":{"index":"index","follow":"follow","max-snippet":"max-snippet:-1","max-image-preview":"max-image-preview:large","max-video-preview":"max-video-preview:-1"},"canonical":"https:\/\/portalincluir.com.br\/index.php\/2026\/03\/12\/autonomia-e-respeito-caminhos-para-a-independencia-de-pessoas-com-sindrome-de-down\/","og_locale":"pt_BR","og_type":"article","og_title":"Autonomia e respeito: caminhos para a independ\u00eancia de pessoas com S\u00edndrome de Down - PORTAL INCLUIR","og_description":"\u00c0 medida que a sociedade avan\u00e7a no debate sobre inclus\u00e3o, cresce tamb\u00e9m a compreens\u00e3o de","og_url":"https:\/\/portalincluir.com.br\/index.php\/2026\/03\/12\/autonomia-e-respeito-caminhos-para-a-independencia-de-pessoas-com-sindrome-de-down\/","og_site_name":"PORTAL INCLUIR","article_published_time":"2026-03-12T18:32:57+00:00","article_modified_time":"2026-03-12T18:32:58+00:00","og_image":[{"width":1220,"height":812,"url":"https:\/\/portalincluir.com.br\/wp-content\/uploads\/2026\/03\/WhatsApp-Image-2026-03-09-at-14.08.22.jpeg","type":"image\/jpeg"}],"author":"Portal Incluir","twitter_card":"summary_large_image","twitter_misc":{"Escrito por":"Portal Incluir","Est. tempo de leitura":"5 minutos"},"schema":{"@context":"https:\/\/schema.org","@graph":[{"@type":["Article","BlogPosting"],"@id":"https:\/\/portalincluir.com.br\/index.php\/2026\/03\/12\/autonomia-e-respeito-caminhos-para-a-independencia-de-pessoas-com-sindrome-de-down\/#article","isPartOf":{"@id":"https:\/\/portalincluir.com.br\/index.php\/2026\/03\/12\/autonomia-e-respeito-caminhos-para-a-independencia-de-pessoas-com-sindrome-de-down\/"},"author":{"name":"Portal Incluir","@id":"https:\/\/portalincluir.com.br\/#\/schema\/person\/8823664e5902eee555607fb75c4c35ae"},"headline":"Autonomia e respeito: caminhos para a independ\u00eancia de pessoas com S\u00edndrome de Down","datePublished":"2026-03-12T18:32:57+00:00","dateModified":"2026-03-12T18:32:58+00:00","mainEntityOfPage":{"@id":"https:\/\/portalincluir.com.br\/index.php\/2026\/03\/12\/autonomia-e-respeito-caminhos-para-a-independencia-de-pessoas-com-sindrome-de-down\/"},"wordCount":957,"commentCount":0,"image":{"@id":"https:\/\/portalincluir.com.br\/index.php\/2026\/03\/12\/autonomia-e-respeito-caminhos-para-a-independencia-de-pessoas-com-sindrome-de-down\/#primaryimage"},"thumbnailUrl":"https:\/\/portalincluir.com.br\/wp-content\/uploads\/2026\/03\/WhatsApp-Image-2026-03-09-at-14.08.22.jpeg","articleSection":["Portal","T21"],"inLanguage":"pt-BR","potentialAction":[{"@type":"CommentAction","name":"Comment","target":["https:\/\/portalincluir.com.br\/index.php\/2026\/03\/12\/autonomia-e-respeito-caminhos-para-a-independencia-de-pessoas-com-sindrome-de-down\/#respond"]}]},{"@type":"WebPage","@id":"https:\/\/portalincluir.com.br\/index.php\/2026\/03\/12\/autonomia-e-respeito-caminhos-para-a-independencia-de-pessoas-com-sindrome-de-down\/","url":"https:\/\/portalincluir.com.br\/index.php\/2026\/03\/12\/autonomia-e-respeito-caminhos-para-a-independencia-de-pessoas-com-sindrome-de-down\/","name":"Autonomia e respeito: caminhos para a independ\u00eancia de pessoas com S\u00edndrome de Down - PORTAL INCLUIR","isPartOf":{"@id":"https:\/\/portalincluir.com.br\/#website"},"primaryImageOfPage":{"@id":"https:\/\/portalincluir.com.br\/index.php\/2026\/03\/12\/autonomia-e-respeito-caminhos-para-a-independencia-de-pessoas-com-sindrome-de-down\/#primaryimage"},"image":{"@id":"https:\/\/portalincluir.com.br\/index.php\/2026\/03\/12\/autonomia-e-respeito-caminhos-para-a-independencia-de-pessoas-com-sindrome-de-down\/#primaryimage"},"thumbnailUrl":"https:\/\/portalincluir.com.br\/wp-content\/uploads\/2026\/03\/WhatsApp-Image-2026-03-09-at-14.08.22.jpeg","datePublished":"2026-03-12T18:32:57+00:00","dateModified":"2026-03-12T18:32:58+00:00","author":{"@id":"https:\/\/portalincluir.com.br\/#\/schema\/person\/8823664e5902eee555607fb75c4c35ae"},"breadcrumb":{"@id":"https:\/\/portalincluir.com.br\/index.php\/2026\/03\/12\/autonomia-e-respeito-caminhos-para-a-independencia-de-pessoas-com-sindrome-de-down\/#breadcrumb"},"inLanguage":"pt-BR","potentialAction":[{"@type":"ReadAction","target":["https:\/\/portalincluir.com.br\/index.php\/2026\/03\/12\/autonomia-e-respeito-caminhos-para-a-independencia-de-pessoas-com-sindrome-de-down\/"]}]},{"@type":"ImageObject","inLanguage":"pt-BR","@id":"https:\/\/portalincluir.com.br\/index.php\/2026\/03\/12\/autonomia-e-respeito-caminhos-para-a-independencia-de-pessoas-com-sindrome-de-down\/#primaryimage","url":"https:\/\/portalincluir.com.br\/wp-content\/uploads\/2026\/03\/WhatsApp-Image-2026-03-09-at-14.08.22.jpeg","contentUrl":"https:\/\/portalincluir.com.br\/wp-content\/uploads\/2026\/03\/WhatsApp-Image-2026-03-09-at-14.08.22.jpeg","width":1220,"height":812},{"@type":"BreadcrumbList","@id":"https:\/\/portalincluir.com.br\/index.php\/2026\/03\/12\/autonomia-e-respeito-caminhos-para-a-independencia-de-pessoas-com-sindrome-de-down\/#breadcrumb","itemListElement":[{"@type":"ListItem","position":1,"name":"In\u00edcio","item":"https:\/\/portalincluir.com.br\/"},{"@type":"ListItem","position":2,"name":"Autonomia e respeito: caminhos para a independ\u00eancia de pessoas com S\u00edndrome de Down"}]},{"@type":"WebSite","@id":"https:\/\/portalincluir.com.br\/#website","url":"https:\/\/portalincluir.com.br\/","name":"PORTAL INCLUIR","description":"","potentialAction":[{"@type":"SearchAction","target":{"@type":"EntryPoint","urlTemplate":"https:\/\/portalincluir.com.br\/?s={search_term_string}"},"query-input":{"@type":"PropertyValueSpecification","valueRequired":true,"valueName":"search_term_string"}}],"inLanguage":"pt-BR"},{"@type":"Person","@id":"https:\/\/portalincluir.com.br\/#\/schema\/person\/8823664e5902eee555607fb75c4c35ae","name":"Portal Incluir","image":{"@type":"ImageObject","inLanguage":"pt-BR","@id":"https:\/\/secure.gravatar.com\/avatar\/12085fe17e70c3550551519fe1f8f51fae69b1748563a47fc3bea53d91fbcbbd?s=96&d=mm&r=g","url":"https:\/\/secure.gravatar.com\/avatar\/12085fe17e70c3550551519fe1f8f51fae69b1748563a47fc3bea53d91fbcbbd?s=96&d=mm&r=g","contentUrl":"https:\/\/secure.gravatar.com\/avatar\/12085fe17e70c3550551519fe1f8f51fae69b1748563a47fc3bea53d91fbcbbd?s=96&d=mm&r=g","caption":"Portal Incluir"},"sameAs":["http:\/\/portalincluir.com.br"],"url":"https:\/\/portalincluir.com.br\/index.php\/author\/portalincluir-com-br\/"}]}},"_links":{"self":[{"href":"https:\/\/portalincluir.com.br\/index.php\/wp-json\/wp\/v2\/posts\/989","targetHints":{"allow":["GET"]}}],"collection":[{"href":"https:\/\/portalincluir.com.br\/index.php\/wp-json\/wp\/v2\/posts"}],"about":[{"href":"https:\/\/portalincluir.com.br\/index.php\/wp-json\/wp\/v2\/types\/post"}],"author":[{"embeddable":true,"href":"https:\/\/portalincluir.com.br\/index.php\/wp-json\/wp\/v2\/users\/1"}],"replies":[{"embeddable":true,"href":"https:\/\/portalincluir.com.br\/index.php\/wp-json\/wp\/v2\/comments?post=989"}],"version-history":[{"count":1,"href":"https:\/\/portalincluir.com.br\/index.php\/wp-json\/wp\/v2\/posts\/989\/revisions"}],"predecessor-version":[{"id":991,"href":"https:\/\/portalincluir.com.br\/index.php\/wp-json\/wp\/v2\/posts\/989\/revisions\/991"}],"wp:featuredmedia":[{"embeddable":true,"href":"https:\/\/portalincluir.com.br\/index.php\/wp-json\/wp\/v2\/media\/990"}],"wp:attachment":[{"href":"https:\/\/portalincluir.com.br\/index.php\/wp-json\/wp\/v2\/media?parent=989"}],"wp:term":[{"taxonomy":"category","embeddable":true,"href":"https:\/\/portalincluir.com.br\/index.php\/wp-json\/wp\/v2\/categories?post=989"},{"taxonomy":"post_tag","embeddable":true,"href":"https:\/\/portalincluir.com.br\/index.php\/wp-json\/wp\/v2\/tags?post=989"}],"curies":[{"name":"wp","href":"https:\/\/api.w.org\/{rel}","templated":true}]}}