{"id":995,"date":"2026-03-18T18:34:17","date_gmt":"2026-03-18T21:34:17","guid":{"rendered":"https:\/\/portalincluir.com.br\/?p=995"},"modified":"2026-03-18T18:34:18","modified_gmt":"2026-03-18T21:34:18","slug":"21-de-marco-historias-reais-mostram-que-inclusao-se-constroi-com-informacao-respeito-e-amor","status":"publish","type":"post","link":"https:\/\/portalincluir.com.br\/index.php\/2026\/03\/18\/21-de-marco-historias-reais-mostram-que-inclusao-se-constroi-com-informacao-respeito-e-amor\/","title":{"rendered":"21 de mar\u00e7o: hist\u00f3rias reais mostram que inclus\u00e3o se constr\u00f3i com informa\u00e7\u00e3o, respeito e amor"},"content":{"rendered":"\n<p>O dia 21 de mar\u00e7o, marcado como o Dia Mundial da S\u00edndrome de Down, vai muito al\u00e9m de uma data simb\u00f3lica no calend\u00e1rio. \u00c9 um convite \u00e0 reflex\u00e3o, \u00e0 quebra de preconceitos e, sobretudo, \u00e0 valoriza\u00e7\u00e3o da diversidade humana. Mais do que celebrar, a data prop\u00f5e conscientizar a sociedade sobre a import\u00e2ncia da inclus\u00e3o \u2014 e, principalmente, dar voz \u00e0s hist\u00f3rias reais que existem por tr\u00e1s desse tema.<\/p>\n\n\n\n<p>Em meio a esse cen\u00e1rio, relatos de fam\u00edlias revelam desafios, supera\u00e7\u00f5es e aprendizados que ajudam a transformar olhares e construir uma sociedade mais emp\u00e1tica.<\/p>\n\n\n\n<p>O impacto do diagn\u00f3stico e a necessidade de acolhimento<\/p>\n\n\n\n<p>A chegada de um filho costuma vir acompanhada de sonhos e expectativas. No entanto, quando o diagn\u00f3stico da s\u00edndrome de Down surge \u2014 muitas vezes apenas no momento do nascimento \u2014 a realidade pode provocar um choque emocional profundo.<\/p>\n\n\n\n<p>Foi o que viveu a m\u00e3e Geisa Barros, que descobriu a condi\u00e7\u00e3o da filha apenas ap\u00f3s o parto. Apesar de j\u00e1 sentir, intuitivamente, que teria uma crian\u00e7a \u201cespecial\u201d, o momento da confirma\u00e7\u00e3o foi marcado por dor, principalmente pela forma como a not\u00edcia foi comunicada.<\/p>\n\n\n\n<p>Segundo ela, o maior sofrimento n\u00e3o foi o diagn\u00f3stico em si, mas as palavras desmotivadoras de um profissional de sa\u00fade, que projetou um futuro limitado para a crian\u00e7a. Uma experi\u00eancia que evidencia a urg\u00eancia de humanizar o atendimento e preparar melhor os profissionais para lidar com fam\u00edlias nesse momento delicado.<\/p>\n\n\n\n<p>Especialistas e fam\u00edlias refor\u00e7am: a forma como a not\u00edcia \u00e9 dada pode impactar diretamente na maneira como os pais encaram o futuro do filho.<\/p>\n\n\n\n<p>Do luto ao recome\u00e7o: a reconstru\u00e7\u00e3o de expectativas<\/p>\n\n\n\n<p>\u00c9 comum que, ao receber o diagn\u00f3stico, pais e m\u00e3es enfrentem um processo semelhante ao luto. N\u00e3o pela crian\u00e7a real, mas pela quebra das expectativas idealizadas.<\/p>\n\n\n\n<p>Como relatado na entrevista, \u201cmorre o filho planejado e nasce o filho real\u201d. A partir da\u00ed, come\u00e7a um novo caminho: o da reconstru\u00e7\u00e3o, do aprendizado e da adapta\u00e7\u00e3o.<\/p>\n\n\n\n<p>Nesse processo, o apoio familiar, o acesso \u00e0 informa\u00e7\u00e3o e o contato com outras fam\u00edlias fazem toda a diferen\u00e7a. Compartilhar experi\u00eancias se torna uma ferramenta poderosa para enfrentar inseguran\u00e7as e fortalecer v\u00ednculos.<\/p>\n\n\n\n<p>Est\u00edmulo, inclus\u00e3o e desenvolvimento<\/p>\n\n\n\n<p>Um dos pontos mais enfatizados pelas fam\u00edlias \u00e9 o papel fundamental da estimula\u00e7\u00e3o no desenvolvimento da pessoa com s\u00edndrome de Down. Com acompanhamento adequado \u2014 incluindo terapias, apoio pedag\u00f3gico e est\u00edmulos constantes \u2014 \u00e9 poss\u00edvel alcan\u00e7ar avan\u00e7os significativos.<\/p>\n\n\n\n<p>A trajet\u00f3ria da jovem Let\u00edcia, filha de Geisa, \u00e9 um exemplo disso. Aos 21 anos, ela concluiu o ensino m\u00e9dio e desenvolve habilidades em diversas \u00e1reas, como a dan\u00e7a e a comunica\u00e7\u00e3o.<\/p>\n\n\n\n<p>Outro caso citado \u00e9 o de Alice, que, com apoio da tecnologia e est\u00edmulos dentro e fora da escola, avan\u00e7ou no desenvolvimento da fala e da intera\u00e7\u00e3o social.<\/p>\n\n\n\n<p>Essas hist\u00f3rias refor\u00e7am uma mensagem essencial: a defici\u00eancia intelectual n\u00e3o define o potencial de uma pessoa. O desenvolvimento est\u00e1 diretamente ligado \u00e0s oportunidades oferecidas.<\/p>\n\n\n\n<p>O desafio da inclus\u00e3o escolar<\/p>\n\n\n\n<p>Apesar dos avan\u00e7os, a inclus\u00e3o no ambiente escolar ainda enfrenta obst\u00e1culos. Falta de preparo, atividades inadequadas e pr\u00e1ticas excludentes ainda s\u00e3o realidade em muitas institui\u00e7\u00f5es.<\/p>\n\n\n\n<p>Fam\u00edlias destacam que incluir n\u00e3o \u00e9 apenas matricular o aluno, mas garantir sua participa\u00e7\u00e3o efetiva no processo de aprendizagem, com atividades adaptadas e respeito \u00e0s suas necessidades.<\/p>\n\n\n\n<p>A conviv\u00eancia com os colegas, por sua vez, \u00e9 um fator essencial para o desenvolvimento social. E, nesse aspecto, a educa\u00e7\u00e3o das fam\u00edlias tamb\u00e9m \u00e9 determinante.<\/p>\n\n\n\n<p>Crian\u00e7as n\u00e3o nascem preconceituosas \u2014 aprendem com os adultos. Por isso, ensinar respeito e empatia desde cedo \u00e9 um passo fundamental para construir ambientes verdadeiramente inclusivos.<\/p>\n\n\n\n<p>Preconceito ainda \u00e9 realidade<\/p>\n\n\n\n<p>Situa\u00e7\u00f5es de capacitismo \u2014 atitudes que diminuem ou subestimam pessoas com defici\u00eancia \u2014 ainda s\u00e3o comuns no cotidiano. Desde falas infantilizadas at\u00e9 olhares de julgamento, pequenas a\u00e7\u00f5es revelam o quanto a sociedade ainda precisa evoluir.<\/p>\n\n\n\n<p>Uma das estrat\u00e9gias utilizadas para provocar reflex\u00e3o \u00e9 o uso de meias trocadas no dia 21 de mar\u00e7o. A a\u00e7\u00e3o simboliza a diferen\u00e7a e convida as pessoas a refletirem sobre como reagem ao que foge do padr\u00e3o.<\/p>\n\n\n\n<p>Para muitas fam\u00edlias, no entanto, o preconceito n\u00e3o \u00e9 apenas simb\u00f3lico \u2014 ele machuca. E \u00e9 justamente por isso que a conscientiza\u00e7\u00e3o se torna urgente.<\/p>\n\n\n\n<p>Informa\u00e7\u00e3o salva vidas e transforma realidades<\/p>\n\n\n\n<p>O acesso \u00e0 informa\u00e7\u00e3o pode mudar completamente a trajet\u00f3ria de uma crian\u00e7a com s\u00edndrome de Down. Um dos relatos apresentados mostra o caso de uma m\u00e3e que, sem orienta\u00e7\u00e3o m\u00e9dica adequada, passou dois anos sem buscar atendimento especializado para a filha.<\/p>\n\n\n\n<p>A situa\u00e7\u00e3o s\u00f3 mudou ap\u00f3s ela assistir a uma reportagem e procurar ajuda.<\/p>\n\n\n\n<p>Esse tipo de exemplo refor\u00e7a a import\u00e2ncia de ampliar o debate e garantir que informa\u00e7\u00f5es cheguem a todas as fam\u00edlias, independentemente de classe social ou localiza\u00e7\u00e3o.<\/p>\n\n\n\n<p>A for\u00e7a da uni\u00e3o: associa\u00e7\u00f5es e redes de apoio<\/p>\n\n\n\n<p>Diante dos desafios, muitas fam\u00edlias encontram suporte em associa\u00e7\u00f5es e grupos de apoio. Em Vit\u00f3ria da Conquista, iniciativas como a Associa\u00e7\u00e3o Conquista Down surgiram justamente dessa necessidade de uni\u00e3o.<\/p>\n\n\n\n<p>O objetivo \u00e9 acolher, orientar e fortalecer fam\u00edlias, al\u00e9m de lutar por direitos e melhores condi\u00e7\u00f5es de atendimento.<\/p>\n\n\n\n<p>A uni\u00e3o, segundo os participantes, \u00e9 o caminho para conquistar visibilidade e garantir que pol\u00edticas p\u00fablicas sejam efetivamente implementadas.<\/p>\n\n\n\n<p>Um chamado \u00e0 sociedade<\/p>\n\n\n\n<p>Mais do que um debate restrito \u00e0s fam\u00edlias, a inclus\u00e3o \u00e9 uma responsabilidade coletiva. Respeitar, acolher e garantir oportunidades iguais s\u00e3o atitudes que devem fazer parte do cotidiano de todos.<\/p>\n\n\n\n<p>Como destacado durante a entrevista, qualquer fam\u00edlia pode, em algum momento, conviver com a defici\u00eancia \u2014 seja por meio de um filho, parente ou amigo.<\/p>\n\n\n\n<p>Por isso, a mensagem \u00e9 clara: \u00e9 preciso educar para a empatia, combater o preconceito e construir uma sociedade onde a diferen\u00e7a n\u00e3o seja motivo de exclus\u00e3o, mas de aprendizado.<\/p>\n\n\n\n<p>Inclus\u00e3o \u00e9 pr\u00e1tica di\u00e1ria<\/p>\n\n\n\n<p>O Dia Mundial da S\u00edndrome de Down \u00e9 um marco importante, mas a inclus\u00e3o precisa acontecer todos os dias. Nas escolas, nas fam\u00edlias, nos espa\u00e7os p\u00fablicos e nas atitudes mais simples.<\/p>\n\n\n\n<p>As hist\u00f3rias compartilhadas mostram que, com amor, informa\u00e7\u00e3o e oportunidades, \u00e9 poss\u00edvel transformar realidades e quebrar barreiras.<\/p>\n\n\n\n<p>Porque, no fim das contas, a maior li\u00e7\u00e3o que essas fam\u00edlias ensinam \u00e9 simples e poderosa:<br>incluir \u00e9, \u043f\u0440\u0435\u0436\u0434\u0435 de tudo, reconhecer a humanidade no outro.<\/p>\n","protected":false},"excerpt":{"rendered":"<p>O dia 21 de mar\u00e7o, marcado como o Dia Mundial da S\u00edndrome de Down, vai<\/p>\n","protected":false},"author":1,"featured_media":996,"comment_status":"open","ping_status":"open","sticky":false,"template":"","format":"standard","meta":{"om_disable_all_campaigns":false,"_monsterinsights_skip_tracking":false,"_monsterinsights_sitenote_active":false,"_monsterinsights_sitenote_note":"","_monsterinsights_sitenote_category":0,"_uf_show_specific_survey":0,"_uf_disable_surveys":false,"footnotes":""},"categories":[1,7],"tags":[],"class_list":["post-995","post","type-post","status-publish","format-standard","has-post-thumbnail","hentry","category-portal","category-t21"],"yoast_head":"<!-- This site is optimized with the Yoast SEO plugin v27.4 - https:\/\/yoast.com\/product\/yoast-seo-wordpress\/ -->\n<title>21 de mar\u00e7o: hist\u00f3rias reais mostram que inclus\u00e3o se constr\u00f3i com informa\u00e7\u00e3o, respeito e amor - PORTAL INCLUIR<\/title>\n<meta name=\"robots\" content=\"index, follow, max-snippet:-1, max-image-preview:large, max-video-preview:-1\" \/>\n<link rel=\"canonical\" href=\"https:\/\/portalincluir.com.br\/index.php\/2026\/03\/18\/21-de-marco-historias-reais-mostram-que-inclusao-se-constroi-com-informacao-respeito-e-amor\/\" \/>\n<meta property=\"og:locale\" content=\"pt_BR\" \/>\n<meta property=\"og:type\" content=\"article\" \/>\n<meta property=\"og:title\" content=\"21 de mar\u00e7o: hist\u00f3rias reais mostram que inclus\u00e3o se constr\u00f3i com informa\u00e7\u00e3o, respeito e amor - PORTAL INCLUIR\" \/>\n<meta property=\"og:description\" content=\"O dia 21 de mar\u00e7o, marcado como o Dia Mundial da S\u00edndrome de Down, vai\" \/>\n<meta property=\"og:url\" content=\"https:\/\/portalincluir.com.br\/index.php\/2026\/03\/18\/21-de-marco-historias-reais-mostram-que-inclusao-se-constroi-com-informacao-respeito-e-amor\/\" \/>\n<meta property=\"og:site_name\" content=\"PORTAL INCLUIR\" \/>\n<meta property=\"article:published_time\" content=\"2026-03-18T21:34:17+00:00\" \/>\n<meta property=\"article:modified_time\" content=\"2026-03-18T21:34:18+00:00\" \/>\n<meta property=\"og:image\" content=\"https:\/\/portalincluir.com.br\/wp-content\/uploads\/2026\/03\/geisa.jpg\" \/>\n\t<meta property=\"og:image:width\" content=\"800\" \/>\n\t<meta property=\"og:image:height\" content=\"535\" \/>\n\t<meta property=\"og:image:type\" content=\"image\/jpeg\" \/>\n<meta name=\"author\" content=\"Portal Incluir\" \/>\n<meta name=\"twitter:card\" content=\"summary_large_image\" \/>\n<meta name=\"twitter:label1\" content=\"Escrito por\" \/>\n\t<meta name=\"twitter:data1\" content=\"Portal Incluir\" \/>\n\t<meta name=\"twitter:label2\" content=\"Est. tempo de leitura\" \/>\n\t<meta name=\"twitter:data2\" content=\"6 minutos\" \/>\n<script type=\"application\/ld+json\" class=\"yoast-schema-graph\">{\"@context\":\"https:\\\/\\\/schema.org\",\"@graph\":[{\"@type\":[\"Article\",\"BlogPosting\"],\"@id\":\"https:\\\/\\\/portalincluir.com.br\\\/index.php\\\/2026\\\/03\\\/18\\\/21-de-marco-historias-reais-mostram-que-inclusao-se-constroi-com-informacao-respeito-e-amor\\\/#article\",\"isPartOf\":{\"@id\":\"https:\\\/\\\/portalincluir.com.br\\\/index.php\\\/2026\\\/03\\\/18\\\/21-de-marco-historias-reais-mostram-que-inclusao-se-constroi-com-informacao-respeito-e-amor\\\/\"},\"author\":{\"name\":\"Portal Incluir\",\"@id\":\"https:\\\/\\\/portalincluir.com.br\\\/#\\\/schema\\\/person\\\/8823664e5902eee555607fb75c4c35ae\"},\"headline\":\"21 de mar\u00e7o: hist\u00f3rias reais mostram que inclus\u00e3o se constr\u00f3i com informa\u00e7\u00e3o, respeito e amor\",\"datePublished\":\"2026-03-18T21:34:17+00:00\",\"dateModified\":\"2026-03-18T21:34:18+00:00\",\"mainEntityOfPage\":{\"@id\":\"https:\\\/\\\/portalincluir.com.br\\\/index.php\\\/2026\\\/03\\\/18\\\/21-de-marco-historias-reais-mostram-que-inclusao-se-constroi-com-informacao-respeito-e-amor\\\/\"},\"wordCount\":1143,\"commentCount\":0,\"image\":{\"@id\":\"https:\\\/\\\/portalincluir.com.br\\\/index.php\\\/2026\\\/03\\\/18\\\/21-de-marco-historias-reais-mostram-que-inclusao-se-constroi-com-informacao-respeito-e-amor\\\/#primaryimage\"},\"thumbnailUrl\":\"https:\\\/\\\/portalincluir.com.br\\\/wp-content\\\/uploads\\\/2026\\\/03\\\/geisa.jpg\",\"articleSection\":[\"Portal\",\"T21\"],\"inLanguage\":\"pt-BR\",\"potentialAction\":[{\"@type\":\"CommentAction\",\"name\":\"Comment\",\"target\":[\"https:\\\/\\\/portalincluir.com.br\\\/index.php\\\/2026\\\/03\\\/18\\\/21-de-marco-historias-reais-mostram-que-inclusao-se-constroi-com-informacao-respeito-e-amor\\\/#respond\"]}]},{\"@type\":\"WebPage\",\"@id\":\"https:\\\/\\\/portalincluir.com.br\\\/index.php\\\/2026\\\/03\\\/18\\\/21-de-marco-historias-reais-mostram-que-inclusao-se-constroi-com-informacao-respeito-e-amor\\\/\",\"url\":\"https:\\\/\\\/portalincluir.com.br\\\/index.php\\\/2026\\\/03\\\/18\\\/21-de-marco-historias-reais-mostram-que-inclusao-se-constroi-com-informacao-respeito-e-amor\\\/\",\"name\":\"21 de mar\u00e7o: hist\u00f3rias reais mostram que inclus\u00e3o se constr\u00f3i com informa\u00e7\u00e3o, respeito e amor - PORTAL INCLUIR\",\"isPartOf\":{\"@id\":\"https:\\\/\\\/portalincluir.com.br\\\/#website\"},\"primaryImageOfPage\":{\"@id\":\"https:\\\/\\\/portalincluir.com.br\\\/index.php\\\/2026\\\/03\\\/18\\\/21-de-marco-historias-reais-mostram-que-inclusao-se-constroi-com-informacao-respeito-e-amor\\\/#primaryimage\"},\"image\":{\"@id\":\"https:\\\/\\\/portalincluir.com.br\\\/index.php\\\/2026\\\/03\\\/18\\\/21-de-marco-historias-reais-mostram-que-inclusao-se-constroi-com-informacao-respeito-e-amor\\\/#primaryimage\"},\"thumbnailUrl\":\"https:\\\/\\\/portalincluir.com.br\\\/wp-content\\\/uploads\\\/2026\\\/03\\\/geisa.jpg\",\"datePublished\":\"2026-03-18T21:34:17+00:00\",\"dateModified\":\"2026-03-18T21:34:18+00:00\",\"author\":{\"@id\":\"https:\\\/\\\/portalincluir.com.br\\\/#\\\/schema\\\/person\\\/8823664e5902eee555607fb75c4c35ae\"},\"breadcrumb\":{\"@id\":\"https:\\\/\\\/portalincluir.com.br\\\/index.php\\\/2026\\\/03\\\/18\\\/21-de-marco-historias-reais-mostram-que-inclusao-se-constroi-com-informacao-respeito-e-amor\\\/#breadcrumb\"},\"inLanguage\":\"pt-BR\",\"potentialAction\":[{\"@type\":\"ReadAction\",\"target\":[\"https:\\\/\\\/portalincluir.com.br\\\/index.php\\\/2026\\\/03\\\/18\\\/21-de-marco-historias-reais-mostram-que-inclusao-se-constroi-com-informacao-respeito-e-amor\\\/\"]}]},{\"@type\":\"ImageObject\",\"inLanguage\":\"pt-BR\",\"@id\":\"https:\\\/\\\/portalincluir.com.br\\\/index.php\\\/2026\\\/03\\\/18\\\/21-de-marco-historias-reais-mostram-que-inclusao-se-constroi-com-informacao-respeito-e-amor\\\/#primaryimage\",\"url\":\"https:\\\/\\\/portalincluir.com.br\\\/wp-content\\\/uploads\\\/2026\\\/03\\\/geisa.jpg\",\"contentUrl\":\"https:\\\/\\\/portalincluir.com.br\\\/wp-content\\\/uploads\\\/2026\\\/03\\\/geisa.jpg\",\"width\":800,\"height\":535},{\"@type\":\"BreadcrumbList\",\"@id\":\"https:\\\/\\\/portalincluir.com.br\\\/index.php\\\/2026\\\/03\\\/18\\\/21-de-marco-historias-reais-mostram-que-inclusao-se-constroi-com-informacao-respeito-e-amor\\\/#breadcrumb\",\"itemListElement\":[{\"@type\":\"ListItem\",\"position\":1,\"name\":\"In\u00edcio\",\"item\":\"https:\\\/\\\/portalincluir.com.br\\\/\"},{\"@type\":\"ListItem\",\"position\":2,\"name\":\"21 de mar\u00e7o: hist\u00f3rias reais mostram que inclus\u00e3o se constr\u00f3i com informa\u00e7\u00e3o, respeito e amor\"}]},{\"@type\":\"WebSite\",\"@id\":\"https:\\\/\\\/portalincluir.com.br\\\/#website\",\"url\":\"https:\\\/\\\/portalincluir.com.br\\\/\",\"name\":\"PORTAL INCLUIR\",\"description\":\"\",\"potentialAction\":[{\"@type\":\"SearchAction\",\"target\":{\"@type\":\"EntryPoint\",\"urlTemplate\":\"https:\\\/\\\/portalincluir.com.br\\\/?s={search_term_string}\"},\"query-input\":{\"@type\":\"PropertyValueSpecification\",\"valueRequired\":true,\"valueName\":\"search_term_string\"}}],\"inLanguage\":\"pt-BR\"},{\"@type\":\"Person\",\"@id\":\"https:\\\/\\\/portalincluir.com.br\\\/#\\\/schema\\\/person\\\/8823664e5902eee555607fb75c4c35ae\",\"name\":\"Portal Incluir\",\"image\":{\"@type\":\"ImageObject\",\"inLanguage\":\"pt-BR\",\"@id\":\"https:\\\/\\\/secure.gravatar.com\\\/avatar\\\/12085fe17e70c3550551519fe1f8f51fae69b1748563a47fc3bea53d91fbcbbd?s=96&d=mm&r=g\",\"url\":\"https:\\\/\\\/secure.gravatar.com\\\/avatar\\\/12085fe17e70c3550551519fe1f8f51fae69b1748563a47fc3bea53d91fbcbbd?s=96&d=mm&r=g\",\"contentUrl\":\"https:\\\/\\\/secure.gravatar.com\\\/avatar\\\/12085fe17e70c3550551519fe1f8f51fae69b1748563a47fc3bea53d91fbcbbd?s=96&d=mm&r=g\",\"caption\":\"Portal Incluir\"},\"sameAs\":[\"http:\\\/\\\/portalincluir.com.br\"],\"url\":\"https:\\\/\\\/portalincluir.com.br\\\/index.php\\\/author\\\/portalincluir-com-br\\\/\"}]}<\/script>\n<!-- \/ Yoast SEO plugin. -->","yoast_head_json":{"title":"21 de mar\u00e7o: hist\u00f3rias reais mostram que inclus\u00e3o se constr\u00f3i com informa\u00e7\u00e3o, respeito e amor - PORTAL INCLUIR","robots":{"index":"index","follow":"follow","max-snippet":"max-snippet:-1","max-image-preview":"max-image-preview:large","max-video-preview":"max-video-preview:-1"},"canonical":"https:\/\/portalincluir.com.br\/index.php\/2026\/03\/18\/21-de-marco-historias-reais-mostram-que-inclusao-se-constroi-com-informacao-respeito-e-amor\/","og_locale":"pt_BR","og_type":"article","og_title":"21 de mar\u00e7o: hist\u00f3rias reais mostram que inclus\u00e3o se constr\u00f3i com informa\u00e7\u00e3o, respeito e amor - PORTAL INCLUIR","og_description":"O dia 21 de mar\u00e7o, marcado como o Dia Mundial da S\u00edndrome de Down, vai","og_url":"https:\/\/portalincluir.com.br\/index.php\/2026\/03\/18\/21-de-marco-historias-reais-mostram-que-inclusao-se-constroi-com-informacao-respeito-e-amor\/","og_site_name":"PORTAL INCLUIR","article_published_time":"2026-03-18T21:34:17+00:00","article_modified_time":"2026-03-18T21:34:18+00:00","og_image":[{"width":800,"height":535,"url":"https:\/\/portalincluir.com.br\/wp-content\/uploads\/2026\/03\/geisa.jpg","type":"image\/jpeg"}],"author":"Portal Incluir","twitter_card":"summary_large_image","twitter_misc":{"Escrito por":"Portal Incluir","Est. tempo de leitura":"6 minutos"},"schema":{"@context":"https:\/\/schema.org","@graph":[{"@type":["Article","BlogPosting"],"@id":"https:\/\/portalincluir.com.br\/index.php\/2026\/03\/18\/21-de-marco-historias-reais-mostram-que-inclusao-se-constroi-com-informacao-respeito-e-amor\/#article","isPartOf":{"@id":"https:\/\/portalincluir.com.br\/index.php\/2026\/03\/18\/21-de-marco-historias-reais-mostram-que-inclusao-se-constroi-com-informacao-respeito-e-amor\/"},"author":{"name":"Portal Incluir","@id":"https:\/\/portalincluir.com.br\/#\/schema\/person\/8823664e5902eee555607fb75c4c35ae"},"headline":"21 de mar\u00e7o: hist\u00f3rias reais mostram que inclus\u00e3o se constr\u00f3i com informa\u00e7\u00e3o, respeito e amor","datePublished":"2026-03-18T21:34:17+00:00","dateModified":"2026-03-18T21:34:18+00:00","mainEntityOfPage":{"@id":"https:\/\/portalincluir.com.br\/index.php\/2026\/03\/18\/21-de-marco-historias-reais-mostram-que-inclusao-se-constroi-com-informacao-respeito-e-amor\/"},"wordCount":1143,"commentCount":0,"image":{"@id":"https:\/\/portalincluir.com.br\/index.php\/2026\/03\/18\/21-de-marco-historias-reais-mostram-que-inclusao-se-constroi-com-informacao-respeito-e-amor\/#primaryimage"},"thumbnailUrl":"https:\/\/portalincluir.com.br\/wp-content\/uploads\/2026\/03\/geisa.jpg","articleSection":["Portal","T21"],"inLanguage":"pt-BR","potentialAction":[{"@type":"CommentAction","name":"Comment","target":["https:\/\/portalincluir.com.br\/index.php\/2026\/03\/18\/21-de-marco-historias-reais-mostram-que-inclusao-se-constroi-com-informacao-respeito-e-amor\/#respond"]}]},{"@type":"WebPage","@id":"https:\/\/portalincluir.com.br\/index.php\/2026\/03\/18\/21-de-marco-historias-reais-mostram-que-inclusao-se-constroi-com-informacao-respeito-e-amor\/","url":"https:\/\/portalincluir.com.br\/index.php\/2026\/03\/18\/21-de-marco-historias-reais-mostram-que-inclusao-se-constroi-com-informacao-respeito-e-amor\/","name":"21 de mar\u00e7o: hist\u00f3rias reais mostram que inclus\u00e3o se constr\u00f3i com informa\u00e7\u00e3o, respeito e amor - PORTAL INCLUIR","isPartOf":{"@id":"https:\/\/portalincluir.com.br\/#website"},"primaryImageOfPage":{"@id":"https:\/\/portalincluir.com.br\/index.php\/2026\/03\/18\/21-de-marco-historias-reais-mostram-que-inclusao-se-constroi-com-informacao-respeito-e-amor\/#primaryimage"},"image":{"@id":"https:\/\/portalincluir.com.br\/index.php\/2026\/03\/18\/21-de-marco-historias-reais-mostram-que-inclusao-se-constroi-com-informacao-respeito-e-amor\/#primaryimage"},"thumbnailUrl":"https:\/\/portalincluir.com.br\/wp-content\/uploads\/2026\/03\/geisa.jpg","datePublished":"2026-03-18T21:34:17+00:00","dateModified":"2026-03-18T21:34:18+00:00","author":{"@id":"https:\/\/portalincluir.com.br\/#\/schema\/person\/8823664e5902eee555607fb75c4c35ae"},"breadcrumb":{"@id":"https:\/\/portalincluir.com.br\/index.php\/2026\/03\/18\/21-de-marco-historias-reais-mostram-que-inclusao-se-constroi-com-informacao-respeito-e-amor\/#breadcrumb"},"inLanguage":"pt-BR","potentialAction":[{"@type":"ReadAction","target":["https:\/\/portalincluir.com.br\/index.php\/2026\/03\/18\/21-de-marco-historias-reais-mostram-que-inclusao-se-constroi-com-informacao-respeito-e-amor\/"]}]},{"@type":"ImageObject","inLanguage":"pt-BR","@id":"https:\/\/portalincluir.com.br\/index.php\/2026\/03\/18\/21-de-marco-historias-reais-mostram-que-inclusao-se-constroi-com-informacao-respeito-e-amor\/#primaryimage","url":"https:\/\/portalincluir.com.br\/wp-content\/uploads\/2026\/03\/geisa.jpg","contentUrl":"https:\/\/portalincluir.com.br\/wp-content\/uploads\/2026\/03\/geisa.jpg","width":800,"height":535},{"@type":"BreadcrumbList","@id":"https:\/\/portalincluir.com.br\/index.php\/2026\/03\/18\/21-de-marco-historias-reais-mostram-que-inclusao-se-constroi-com-informacao-respeito-e-amor\/#breadcrumb","itemListElement":[{"@type":"ListItem","position":1,"name":"In\u00edcio","item":"https:\/\/portalincluir.com.br\/"},{"@type":"ListItem","position":2,"name":"21 de mar\u00e7o: hist\u00f3rias reais mostram que inclus\u00e3o se constr\u00f3i com informa\u00e7\u00e3o, respeito e amor"}]},{"@type":"WebSite","@id":"https:\/\/portalincluir.com.br\/#website","url":"https:\/\/portalincluir.com.br\/","name":"PORTAL INCLUIR","description":"","potentialAction":[{"@type":"SearchAction","target":{"@type":"EntryPoint","urlTemplate":"https:\/\/portalincluir.com.br\/?s={search_term_string}"},"query-input":{"@type":"PropertyValueSpecification","valueRequired":true,"valueName":"search_term_string"}}],"inLanguage":"pt-BR"},{"@type":"Person","@id":"https:\/\/portalincluir.com.br\/#\/schema\/person\/8823664e5902eee555607fb75c4c35ae","name":"Portal Incluir","image":{"@type":"ImageObject","inLanguage":"pt-BR","@id":"https:\/\/secure.gravatar.com\/avatar\/12085fe17e70c3550551519fe1f8f51fae69b1748563a47fc3bea53d91fbcbbd?s=96&d=mm&r=g","url":"https:\/\/secure.gravatar.com\/avatar\/12085fe17e70c3550551519fe1f8f51fae69b1748563a47fc3bea53d91fbcbbd?s=96&d=mm&r=g","contentUrl":"https:\/\/secure.gravatar.com\/avatar\/12085fe17e70c3550551519fe1f8f51fae69b1748563a47fc3bea53d91fbcbbd?s=96&d=mm&r=g","caption":"Portal Incluir"},"sameAs":["http:\/\/portalincluir.com.br"],"url":"https:\/\/portalincluir.com.br\/index.php\/author\/portalincluir-com-br\/"}]}},"_links":{"self":[{"href":"https:\/\/portalincluir.com.br\/index.php\/wp-json\/wp\/v2\/posts\/995","targetHints":{"allow":["GET"]}}],"collection":[{"href":"https:\/\/portalincluir.com.br\/index.php\/wp-json\/wp\/v2\/posts"}],"about":[{"href":"https:\/\/portalincluir.com.br\/index.php\/wp-json\/wp\/v2\/types\/post"}],"author":[{"embeddable":true,"href":"https:\/\/portalincluir.com.br\/index.php\/wp-json\/wp\/v2\/users\/1"}],"replies":[{"embeddable":true,"href":"https:\/\/portalincluir.com.br\/index.php\/wp-json\/wp\/v2\/comments?post=995"}],"version-history":[{"count":1,"href":"https:\/\/portalincluir.com.br\/index.php\/wp-json\/wp\/v2\/posts\/995\/revisions"}],"predecessor-version":[{"id":997,"href":"https:\/\/portalincluir.com.br\/index.php\/wp-json\/wp\/v2\/posts\/995\/revisions\/997"}],"wp:featuredmedia":[{"embeddable":true,"href":"https:\/\/portalincluir.com.br\/index.php\/wp-json\/wp\/v2\/media\/996"}],"wp:attachment":[{"href":"https:\/\/portalincluir.com.br\/index.php\/wp-json\/wp\/v2\/media?parent=995"}],"wp:term":[{"taxonomy":"category","embeddable":true,"href":"https:\/\/portalincluir.com.br\/index.php\/wp-json\/wp\/v2\/categories?post=995"},{"taxonomy":"post_tag","embeddable":true,"href":"https:\/\/portalincluir.com.br\/index.php\/wp-json\/wp\/v2\/tags?post=995"}],"curies":[{"name":"wp","href":"https:\/\/api.w.org\/{rel}","templated":true}]}}