{"id":998,"date":"2026-03-18T22:27:17","date_gmt":"2026-03-19T01:27:17","guid":{"rendered":"https:\/\/portalincluir.com.br\/?p=998"},"modified":"2026-03-18T22:27:17","modified_gmt":"2026-03-19T01:27:17","slug":"dia-internacional-da-sindrome-de-down-o-significado-por-tras-das-meias-colorida","status":"publish","type":"post","link":"https:\/\/portalincluir.com.br\/index.php\/2026\/03\/18\/dia-internacional-da-sindrome-de-down-o-significado-por-tras-das-meias-colorida\/","title":{"rendered":"Dia Internacional da S\u00edndrome de Down: o significado por tr\u00e1s das meias colorida"},"content":{"rendered":"\n<p>No dia 21 de mar\u00e7o, uma cena chama aten\u00e7\u00e3o em escolas, empresas e nas ruas: pessoas usando meias coloridas, diferentes e at\u00e9 \u201cdescombinadas\u201d. Mais do que um gesto criativo, o ato carrega uma mensagem poderosa de inclus\u00e3o, respeito e conscientiza\u00e7\u00e3o.<\/p>\n\n\n\n<p>A data marca o <strong>Dia Internacional da S\u00edndrome de Down<\/strong>, institu\u00eddo pela Organiza\u00e7\u00e3o das Na\u00e7\u00f5es Unidas em 2011. A escolha do dia n\u00e3o \u00e9 por acaso: o 21\/3 faz refer\u00eancia \u00e0 <strong>trissomia do cromossomo 21<\/strong>, condi\u00e7\u00e3o gen\u00e9tica que caracteriza a s\u00edndrome.<\/p>\n\n\n\n<hr class=\"wp-block-separator has-alpha-channel-opacity\"\/>\n\n\n\n<h3 class=\"wp-block-heading\">\ud83e\uddec O que \u00e9 a S\u00edndrome de Down<\/h3>\n\n\n\n<p>A s\u00edndrome de Down ocorre quando h\u00e1 uma c\u00f3pia extra do cromossomo 21. Em vez dos 46 cromossomos habituais, a pessoa possui 47. Essa condi\u00e7\u00e3o pode influenciar caracter\u00edsticas f\u00edsicas, desenvolvimento cognitivo e algumas quest\u00f5es de sa\u00fade \u2014 mas de forma \u00fanica em cada indiv\u00edduo.<\/p>\n\n\n\n<p>Identificada pelo m\u00e9dico brit\u00e2nico John Langdon Down, a condi\u00e7\u00e3o \u00e9 universal e est\u00e1 presente em todas as regi\u00f5es do mundo, segundo a pr\u00f3pria ONU.<\/p>\n\n\n\n<p>Existem tr\u00eas tipos principais:<\/p>\n\n\n\n<ul class=\"wp-block-list\">\n<li><strong>Trissomia 21 livre<\/strong> (a mais comum)<\/li>\n\n\n\n<li><strong>Transloca\u00e7\u00e3o<\/strong><\/li>\n\n\n\n<li><strong>Mosaicismo<\/strong><\/li>\n<\/ul>\n\n\n\n<p>Apesar das diferen\u00e7as, todas refor\u00e7am um ponto essencial: <strong>cada pessoa com s\u00edndrome de Down tem sua pr\u00f3pria identidade, potencial e capacidade de contribui\u00e7\u00e3o<\/strong>.<\/p>\n\n\n\n<hr class=\"wp-block-separator has-alpha-channel-opacity\"\/>\n\n\n\n<h3 class=\"wp-block-heading\">\ud83c\udfaf Por que usar meias coloridas?<\/h3>\n\n\n\n<figure class=\"wp-block-image\"><img decoding=\"async\" src=\"https:\/\/images.openai.com\/static-rsc-4\/Y20lwN5hRR6dE74JwHAH7U-rc92fe84nlprXz2J_S9xLmQTTGnPc4fIUxSbdDvOU0CD3iw8Wis8HDblKCWhGLcjcwvEUbb8vfLigEEdqEwZz3ZxlD7dHT6k9qvjSEe_HJdvy9p-RpLh4Teg3c1Hw6A_yWQBIBNjzi7y6D8Wl6-Q?purpose=inline\" alt=\"https:\/\/images.openai.com\/static-rsc-4\/NRuj5WZKqTfaktiKOrdk7L_hp2R1nQjcNCNamPkqHNX4k6O0po45arJwBck5B1og4lIynAsSYb_XYA0Ku3s2GmCrlNOYwCNdJ_ig5hWW__wA45VOIqlx5Jk5MJFCar0D6bJl43DC5pF__VHvCM7r6qKDqFiupoXrqe_ly9aquSY6LcgWCLHzqb1M75ShUGmh?purpose=fullsize\"\/><\/figure>\n\n\n\n<figure class=\"wp-block-image\"><img decoding=\"async\" src=\"https:\/\/images.openai.com\/static-rsc-4\/cJIInaL1k9fHcWKgPPLB-fX08-s7VzDnVTy7USOr0i9C_RIbxkMFECH_5VjH6UgJldLQnWxPUxUQ7OtUrs4hQRRbPD525Re7H6a4eMAUSG9rajq0Tz6acL6t5w_doHcFS7WYCz3zjWsIhVLVvp6YxZE-yzrW8mop-nSauFkxyhg?purpose=inline\" alt=\"https:\/\/images.openai.com\/static-rsc-4\/D0sjhzas3erLJRYQOQT8PKMfafdFkGlvy8JkyIz31dvT0z36IX8AVlW7Yhsb2jTWHx2DB4wen7_M4nd2X8kD6SlQrNlhpILj2_CSDkQ6L4aBxeLmY_dBP9vBpC4tuxeX75ezP1cr8h9k0zVNljCFrpy3sqfn9x-xTWD5FzFff56VJwu7aODCvS9EhFjsLBLf?purpose=fullsize\"\/><\/figure>\n\n\n\n<figure class=\"wp-block-image\"><img decoding=\"async\" src=\"https:\/\/images.openai.com\/static-rsc-4\/XGgJguqNnfNyCfTnXHKodPsz9PDvFrH8-WCqS1edXmzP_75G8qeJvlD1MJzbiCXwcrxcopANpfm-gfMsPApmBvyZrfT7GvVWzadr_nGnf_WCM9O9QiTBRKmbNr5IEersl5GiC12MXOwcW0DWGLXZyJoG79filGiMRHjpT9nqTBk?purpose=inline\" alt=\"https:\/\/images.openai.com\/static-rsc-4\/zP0V_LZZ5q5vQSZM32KLckojkWVQeqZncU4zuQXzObAfTnd25Ey30C-xOs5CJi4gFWb0WEOFuyGRpuW9p6mPv3jZnH50AyYszIQbbNGz6ZUXbBKLGhMTKZ-LSqnFUDtxmHSWLI-nz29P_kt6bw3DOYcdYRyLeTCXPRuLnaIG1XQTEr-PTr5pB5-eh-lqfWRM?purpose=fullsize\"\/><\/figure>\n\n\n\n<p>6<\/p>\n\n\n\n<p>A tradi\u00e7\u00e3o das meias coloridas \u2014 conhecida mundialmente como campanha \u201cLots of Socks\u201d \u2014 nasceu com um objetivo simples e eficaz: <strong>chamar aten\u00e7\u00e3o<\/strong>.<\/p>\n\n\n\n<p>As meias, com seu formato que lembra cromossomos, tornam-se um s\u00edmbolo visual da diversidade. Quando s\u00e3o usadas de forma diferente ou divertida, despertam curiosidade e criam oportunidades para conversas.<\/p>\n\n\n\n<p>E \u00e9 exatamente esse o prop\u00f3sito:<\/p>\n\n\n\n<ul class=\"wp-block-list\">\n<li>Incentivar o di\u00e1logo<\/li>\n\n\n\n<li>Combater o preconceito<\/li>\n\n\n\n<li>Espalhar informa\u00e7\u00e3o<\/li>\n<\/ul>\n\n\n\n<p>Ao ver algu\u00e9m com meias chamativas, a pergunta surge naturalmente: <em>\u201cPor que voc\u00ea est\u00e1 usando isso?\u201d<\/em> \u2014 e a resposta abre espa\u00e7o para conscientiza\u00e7\u00e3o.<\/p>\n\n\n\n<hr class=\"wp-block-separator has-alpha-channel-opacity\"\/>\n\n\n\n<h3 class=\"wp-block-heading\">\ud83c\udf0d Muito al\u00e9m de um s\u00edmbolo<\/h3>\n\n\n\n<p>Mais do que um gesto simb\u00f3lico, o Dia Internacional da S\u00edndrome de Down \u00e9 um convite \u00e0 reflex\u00e3o. A ONU refor\u00e7a que a data serve para destacar:<\/p>\n\n\n\n<ul class=\"wp-block-list\">\n<li>A <strong>dignidade<\/strong> das pessoas com s\u00edndrome de Down<\/li>\n\n\n\n<li>Sua <strong>autonomia e independ\u00eancia<\/strong><\/li>\n\n\n\n<li>E, principalmente, suas <strong>contribui\u00e7\u00f5es reais para a sociedade<\/strong><\/li>\n<\/ul>\n\n\n\n<p>A mensagem global recente, \u201c<strong>Conosco, n\u00e3o para n\u00f3s<\/strong>\u201d, resume bem essa ideia: pessoas com s\u00edndrome de Down devem ser protagonistas de suas pr\u00f3prias hist\u00f3rias \u2014 n\u00e3o apenas destinat\u00e1rias de a\u00e7\u00f5es.<\/p>\n\n\n\n<hr class=\"wp-block-separator has-alpha-channel-opacity\"\/>\n\n\n\n<h3 class=\"wp-block-heading\">\u2764\ufe0f Inclus\u00e3o que come\u00e7a no cotidiano<\/h3>\n\n\n\n<p>Usar meias coloridas \u00e9 um pequeno ato, mas com grande impacto. Ele lembra que a inclus\u00e3o n\u00e3o se constr\u00f3i apenas em discursos, mas em atitudes di\u00e1rias: na escola, no trabalho, na m\u00eddia e nas rela\u00e7\u00f5es sociais.<\/p>\n\n\n\n<p>Porque, no fim das contas, a verdadeira mensagem vai muito al\u00e9m das cores:<br><strong>\u00e9 sobre reconhecer que a diversidade \u00e9 o que torna a sociedade mais rica, mais humana e mais justa.<\/strong><\/p>\n","protected":false},"excerpt":{"rendered":"<p>No dia 21 de mar\u00e7o, uma cena chama aten\u00e7\u00e3o em escolas, empresas e nas ruas:<\/p>\n","protected":false},"author":1,"featured_media":999,"comment_status":"open","ping_status":"open","sticky":false,"template":"","format":"standard","meta":{"om_disable_all_campaigns":false,"_monsterinsights_skip_tracking":false,"_monsterinsights_sitenote_active":false,"_monsterinsights_sitenote_note":"","_monsterinsights_sitenote_category":0,"_uf_show_specific_survey":0,"_uf_disable_surveys":false,"footnotes":""},"categories":[1,7],"tags":[],"class_list":["post-998","post","type-post","status-publish","format-standard","has-post-thumbnail","hentry","category-portal","category-t21"],"yoast_head":"<!-- This site is optimized with the Yoast SEO plugin v27.4 - https:\/\/yoast.com\/product\/yoast-seo-wordpress\/ -->\n<title>Dia Internacional da S\u00edndrome de Down: o significado por tr\u00e1s das meias colorida - PORTAL INCLUIR<\/title>\n<meta name=\"robots\" content=\"index, follow, max-snippet:-1, max-image-preview:large, max-video-preview:-1\" \/>\n<link rel=\"canonical\" href=\"https:\/\/portalincluir.com.br\/index.php\/2026\/03\/18\/dia-internacional-da-sindrome-de-down-o-significado-por-tras-das-meias-colorida\/\" \/>\n<meta property=\"og:locale\" content=\"pt_BR\" \/>\n<meta property=\"og:type\" content=\"article\" \/>\n<meta property=\"og:title\" content=\"Dia Internacional da S\u00edndrome de Down: o significado por tr\u00e1s das meias colorida - PORTAL INCLUIR\" \/>\n<meta property=\"og:description\" content=\"No dia 21 de mar\u00e7o, uma cena chama aten\u00e7\u00e3o em escolas, empresas e nas ruas:\" \/>\n<meta property=\"og:url\" content=\"https:\/\/portalincluir.com.br\/index.php\/2026\/03\/18\/dia-internacional-da-sindrome-de-down-o-significado-por-tras-das-meias-colorida\/\" \/>\n<meta property=\"og:site_name\" content=\"PORTAL INCLUIR\" \/>\n<meta property=\"article:published_time\" content=\"2026-03-19T01:27:17+00:00\" \/>\n<meta property=\"og:image\" content=\"https:\/\/portalincluir.com.br\/wp-content\/uploads\/2026\/03\/MEIAS.jpeg\" \/>\n\t<meta property=\"og:image:width\" content=\"1441\" \/>\n\t<meta property=\"og:image:height\" content=\"1080\" \/>\n\t<meta property=\"og:image:type\" content=\"image\/jpeg\" \/>\n<meta name=\"author\" content=\"Portal Incluir\" \/>\n<meta name=\"twitter:card\" content=\"summary_large_image\" \/>\n<meta name=\"twitter:label1\" content=\"Escrito por\" \/>\n\t<meta name=\"twitter:data1\" content=\"Portal Incluir\" \/>\n\t<meta name=\"twitter:label2\" content=\"Est. tempo de leitura\" \/>\n\t<meta name=\"twitter:data2\" content=\"4 minutos\" \/>\n<script type=\"application\/ld+json\" class=\"yoast-schema-graph\">{\"@context\":\"https:\\\/\\\/schema.org\",\"@graph\":[{\"@type\":[\"Article\",\"BlogPosting\"],\"@id\":\"https:\\\/\\\/portalincluir.com.br\\\/index.php\\\/2026\\\/03\\\/18\\\/dia-internacional-da-sindrome-de-down-o-significado-por-tras-das-meias-colorida\\\/#article\",\"isPartOf\":{\"@id\":\"https:\\\/\\\/portalincluir.com.br\\\/index.php\\\/2026\\\/03\\\/18\\\/dia-internacional-da-sindrome-de-down-o-significado-por-tras-das-meias-colorida\\\/\"},\"author\":{\"name\":\"Portal Incluir\",\"@id\":\"https:\\\/\\\/portalincluir.com.br\\\/#\\\/schema\\\/person\\\/8823664e5902eee555607fb75c4c35ae\"},\"headline\":\"Dia Internacional da S\u00edndrome de Down: o significado por tr\u00e1s das meias colorida\",\"datePublished\":\"2026-03-19T01:27:17+00:00\",\"mainEntityOfPage\":{\"@id\":\"https:\\\/\\\/portalincluir.com.br\\\/index.php\\\/2026\\\/03\\\/18\\\/dia-internacional-da-sindrome-de-down-o-significado-por-tras-das-meias-colorida\\\/\"},\"wordCount\":503,\"commentCount\":0,\"image\":{\"@id\":\"https:\\\/\\\/portalincluir.com.br\\\/index.php\\\/2026\\\/03\\\/18\\\/dia-internacional-da-sindrome-de-down-o-significado-por-tras-das-meias-colorida\\\/#primaryimage\"},\"thumbnailUrl\":\"https:\\\/\\\/portalincluir.com.br\\\/wp-content\\\/uploads\\\/2026\\\/03\\\/MEIAS.jpeg\",\"articleSection\":[\"Portal\",\"T21\"],\"inLanguage\":\"pt-BR\",\"potentialAction\":[{\"@type\":\"CommentAction\",\"name\":\"Comment\",\"target\":[\"https:\\\/\\\/portalincluir.com.br\\\/index.php\\\/2026\\\/03\\\/18\\\/dia-internacional-da-sindrome-de-down-o-significado-por-tras-das-meias-colorida\\\/#respond\"]}]},{\"@type\":\"WebPage\",\"@id\":\"https:\\\/\\\/portalincluir.com.br\\\/index.php\\\/2026\\\/03\\\/18\\\/dia-internacional-da-sindrome-de-down-o-significado-por-tras-das-meias-colorida\\\/\",\"url\":\"https:\\\/\\\/portalincluir.com.br\\\/index.php\\\/2026\\\/03\\\/18\\\/dia-internacional-da-sindrome-de-down-o-significado-por-tras-das-meias-colorida\\\/\",\"name\":\"Dia Internacional da S\u00edndrome de Down: o significado por tr\u00e1s das meias colorida - PORTAL INCLUIR\",\"isPartOf\":{\"@id\":\"https:\\\/\\\/portalincluir.com.br\\\/#website\"},\"primaryImageOfPage\":{\"@id\":\"https:\\\/\\\/portalincluir.com.br\\\/index.php\\\/2026\\\/03\\\/18\\\/dia-internacional-da-sindrome-de-down-o-significado-por-tras-das-meias-colorida\\\/#primaryimage\"},\"image\":{\"@id\":\"https:\\\/\\\/portalincluir.com.br\\\/index.php\\\/2026\\\/03\\\/18\\\/dia-internacional-da-sindrome-de-down-o-significado-por-tras-das-meias-colorida\\\/#primaryimage\"},\"thumbnailUrl\":\"https:\\\/\\\/portalincluir.com.br\\\/wp-content\\\/uploads\\\/2026\\\/03\\\/MEIAS.jpeg\",\"datePublished\":\"2026-03-19T01:27:17+00:00\",\"author\":{\"@id\":\"https:\\\/\\\/portalincluir.com.br\\\/#\\\/schema\\\/person\\\/8823664e5902eee555607fb75c4c35ae\"},\"breadcrumb\":{\"@id\":\"https:\\\/\\\/portalincluir.com.br\\\/index.php\\\/2026\\\/03\\\/18\\\/dia-internacional-da-sindrome-de-down-o-significado-por-tras-das-meias-colorida\\\/#breadcrumb\"},\"inLanguage\":\"pt-BR\",\"potentialAction\":[{\"@type\":\"ReadAction\",\"target\":[\"https:\\\/\\\/portalincluir.com.br\\\/index.php\\\/2026\\\/03\\\/18\\\/dia-internacional-da-sindrome-de-down-o-significado-por-tras-das-meias-colorida\\\/\"]}]},{\"@type\":\"ImageObject\",\"inLanguage\":\"pt-BR\",\"@id\":\"https:\\\/\\\/portalincluir.com.br\\\/index.php\\\/2026\\\/03\\\/18\\\/dia-internacional-da-sindrome-de-down-o-significado-por-tras-das-meias-colorida\\\/#primaryimage\",\"url\":\"https:\\\/\\\/portalincluir.com.br\\\/wp-content\\\/uploads\\\/2026\\\/03\\\/MEIAS.jpeg\",\"contentUrl\":\"https:\\\/\\\/portalincluir.com.br\\\/wp-content\\\/uploads\\\/2026\\\/03\\\/MEIAS.jpeg\",\"width\":1441,\"height\":1080},{\"@type\":\"BreadcrumbList\",\"@id\":\"https:\\\/\\\/portalincluir.com.br\\\/index.php\\\/2026\\\/03\\\/18\\\/dia-internacional-da-sindrome-de-down-o-significado-por-tras-das-meias-colorida\\\/#breadcrumb\",\"itemListElement\":[{\"@type\":\"ListItem\",\"position\":1,\"name\":\"In\u00edcio\",\"item\":\"https:\\\/\\\/portalincluir.com.br\\\/\"},{\"@type\":\"ListItem\",\"position\":2,\"name\":\"Dia Internacional da S\u00edndrome de Down: o significado por tr\u00e1s das meias colorida\"}]},{\"@type\":\"WebSite\",\"@id\":\"https:\\\/\\\/portalincluir.com.br\\\/#website\",\"url\":\"https:\\\/\\\/portalincluir.com.br\\\/\",\"name\":\"PORTAL INCLUIR\",\"description\":\"\",\"potentialAction\":[{\"@type\":\"SearchAction\",\"target\":{\"@type\":\"EntryPoint\",\"urlTemplate\":\"https:\\\/\\\/portalincluir.com.br\\\/?s={search_term_string}\"},\"query-input\":{\"@type\":\"PropertyValueSpecification\",\"valueRequired\":true,\"valueName\":\"search_term_string\"}}],\"inLanguage\":\"pt-BR\"},{\"@type\":\"Person\",\"@id\":\"https:\\\/\\\/portalincluir.com.br\\\/#\\\/schema\\\/person\\\/8823664e5902eee555607fb75c4c35ae\",\"name\":\"Portal Incluir\",\"image\":{\"@type\":\"ImageObject\",\"inLanguage\":\"pt-BR\",\"@id\":\"https:\\\/\\\/secure.gravatar.com\\\/avatar\\\/12085fe17e70c3550551519fe1f8f51fae69b1748563a47fc3bea53d91fbcbbd?s=96&d=mm&r=g\",\"url\":\"https:\\\/\\\/secure.gravatar.com\\\/avatar\\\/12085fe17e70c3550551519fe1f8f51fae69b1748563a47fc3bea53d91fbcbbd?s=96&d=mm&r=g\",\"contentUrl\":\"https:\\\/\\\/secure.gravatar.com\\\/avatar\\\/12085fe17e70c3550551519fe1f8f51fae69b1748563a47fc3bea53d91fbcbbd?s=96&d=mm&r=g\",\"caption\":\"Portal Incluir\"},\"sameAs\":[\"http:\\\/\\\/portalincluir.com.br\"],\"url\":\"https:\\\/\\\/portalincluir.com.br\\\/index.php\\\/author\\\/portalincluir-com-br\\\/\"}]}<\/script>\n<!-- \/ Yoast SEO plugin. -->","yoast_head_json":{"title":"Dia Internacional da S\u00edndrome de Down: o significado por tr\u00e1s das meias colorida - PORTAL INCLUIR","robots":{"index":"index","follow":"follow","max-snippet":"max-snippet:-1","max-image-preview":"max-image-preview:large","max-video-preview":"max-video-preview:-1"},"canonical":"https:\/\/portalincluir.com.br\/index.php\/2026\/03\/18\/dia-internacional-da-sindrome-de-down-o-significado-por-tras-das-meias-colorida\/","og_locale":"pt_BR","og_type":"article","og_title":"Dia Internacional da S\u00edndrome de Down: o significado por tr\u00e1s das meias colorida - PORTAL INCLUIR","og_description":"No dia 21 de mar\u00e7o, uma cena chama aten\u00e7\u00e3o em escolas, empresas e nas ruas:","og_url":"https:\/\/portalincluir.com.br\/index.php\/2026\/03\/18\/dia-internacional-da-sindrome-de-down-o-significado-por-tras-das-meias-colorida\/","og_site_name":"PORTAL INCLUIR","article_published_time":"2026-03-19T01:27:17+00:00","og_image":[{"width":1441,"height":1080,"url":"https:\/\/portalincluir.com.br\/wp-content\/uploads\/2026\/03\/MEIAS.jpeg","type":"image\/jpeg"}],"author":"Portal Incluir","twitter_card":"summary_large_image","twitter_misc":{"Escrito por":"Portal Incluir","Est. tempo de leitura":"4 minutos"},"schema":{"@context":"https:\/\/schema.org","@graph":[{"@type":["Article","BlogPosting"],"@id":"https:\/\/portalincluir.com.br\/index.php\/2026\/03\/18\/dia-internacional-da-sindrome-de-down-o-significado-por-tras-das-meias-colorida\/#article","isPartOf":{"@id":"https:\/\/portalincluir.com.br\/index.php\/2026\/03\/18\/dia-internacional-da-sindrome-de-down-o-significado-por-tras-das-meias-colorida\/"},"author":{"name":"Portal Incluir","@id":"https:\/\/portalincluir.com.br\/#\/schema\/person\/8823664e5902eee555607fb75c4c35ae"},"headline":"Dia Internacional da S\u00edndrome de Down: o significado por tr\u00e1s das meias colorida","datePublished":"2026-03-19T01:27:17+00:00","mainEntityOfPage":{"@id":"https:\/\/portalincluir.com.br\/index.php\/2026\/03\/18\/dia-internacional-da-sindrome-de-down-o-significado-por-tras-das-meias-colorida\/"},"wordCount":503,"commentCount":0,"image":{"@id":"https:\/\/portalincluir.com.br\/index.php\/2026\/03\/18\/dia-internacional-da-sindrome-de-down-o-significado-por-tras-das-meias-colorida\/#primaryimage"},"thumbnailUrl":"https:\/\/portalincluir.com.br\/wp-content\/uploads\/2026\/03\/MEIAS.jpeg","articleSection":["Portal","T21"],"inLanguage":"pt-BR","potentialAction":[{"@type":"CommentAction","name":"Comment","target":["https:\/\/portalincluir.com.br\/index.php\/2026\/03\/18\/dia-internacional-da-sindrome-de-down-o-significado-por-tras-das-meias-colorida\/#respond"]}]},{"@type":"WebPage","@id":"https:\/\/portalincluir.com.br\/index.php\/2026\/03\/18\/dia-internacional-da-sindrome-de-down-o-significado-por-tras-das-meias-colorida\/","url":"https:\/\/portalincluir.com.br\/index.php\/2026\/03\/18\/dia-internacional-da-sindrome-de-down-o-significado-por-tras-das-meias-colorida\/","name":"Dia Internacional da S\u00edndrome de Down: o significado por tr\u00e1s das meias colorida - PORTAL INCLUIR","isPartOf":{"@id":"https:\/\/portalincluir.com.br\/#website"},"primaryImageOfPage":{"@id":"https:\/\/portalincluir.com.br\/index.php\/2026\/03\/18\/dia-internacional-da-sindrome-de-down-o-significado-por-tras-das-meias-colorida\/#primaryimage"},"image":{"@id":"https:\/\/portalincluir.com.br\/index.php\/2026\/03\/18\/dia-internacional-da-sindrome-de-down-o-significado-por-tras-das-meias-colorida\/#primaryimage"},"thumbnailUrl":"https:\/\/portalincluir.com.br\/wp-content\/uploads\/2026\/03\/MEIAS.jpeg","datePublished":"2026-03-19T01:27:17+00:00","author":{"@id":"https:\/\/portalincluir.com.br\/#\/schema\/person\/8823664e5902eee555607fb75c4c35ae"},"breadcrumb":{"@id":"https:\/\/portalincluir.com.br\/index.php\/2026\/03\/18\/dia-internacional-da-sindrome-de-down-o-significado-por-tras-das-meias-colorida\/#breadcrumb"},"inLanguage":"pt-BR","potentialAction":[{"@type":"ReadAction","target":["https:\/\/portalincluir.com.br\/index.php\/2026\/03\/18\/dia-internacional-da-sindrome-de-down-o-significado-por-tras-das-meias-colorida\/"]}]},{"@type":"ImageObject","inLanguage":"pt-BR","@id":"https:\/\/portalincluir.com.br\/index.php\/2026\/03\/18\/dia-internacional-da-sindrome-de-down-o-significado-por-tras-das-meias-colorida\/#primaryimage","url":"https:\/\/portalincluir.com.br\/wp-content\/uploads\/2026\/03\/MEIAS.jpeg","contentUrl":"https:\/\/portalincluir.com.br\/wp-content\/uploads\/2026\/03\/MEIAS.jpeg","width":1441,"height":1080},{"@type":"BreadcrumbList","@id":"https:\/\/portalincluir.com.br\/index.php\/2026\/03\/18\/dia-internacional-da-sindrome-de-down-o-significado-por-tras-das-meias-colorida\/#breadcrumb","itemListElement":[{"@type":"ListItem","position":1,"name":"In\u00edcio","item":"https:\/\/portalincluir.com.br\/"},{"@type":"ListItem","position":2,"name":"Dia Internacional da S\u00edndrome de Down: o significado por tr\u00e1s das meias colorida"}]},{"@type":"WebSite","@id":"https:\/\/portalincluir.com.br\/#website","url":"https:\/\/portalincluir.com.br\/","name":"PORTAL INCLUIR","description":"","potentialAction":[{"@type":"SearchAction","target":{"@type":"EntryPoint","urlTemplate":"https:\/\/portalincluir.com.br\/?s={search_term_string}"},"query-input":{"@type":"PropertyValueSpecification","valueRequired":true,"valueName":"search_term_string"}}],"inLanguage":"pt-BR"},{"@type":"Person","@id":"https:\/\/portalincluir.com.br\/#\/schema\/person\/8823664e5902eee555607fb75c4c35ae","name":"Portal Incluir","image":{"@type":"ImageObject","inLanguage":"pt-BR","@id":"https:\/\/secure.gravatar.com\/avatar\/12085fe17e70c3550551519fe1f8f51fae69b1748563a47fc3bea53d91fbcbbd?s=96&d=mm&r=g","url":"https:\/\/secure.gravatar.com\/avatar\/12085fe17e70c3550551519fe1f8f51fae69b1748563a47fc3bea53d91fbcbbd?s=96&d=mm&r=g","contentUrl":"https:\/\/secure.gravatar.com\/avatar\/12085fe17e70c3550551519fe1f8f51fae69b1748563a47fc3bea53d91fbcbbd?s=96&d=mm&r=g","caption":"Portal Incluir"},"sameAs":["http:\/\/portalincluir.com.br"],"url":"https:\/\/portalincluir.com.br\/index.php\/author\/portalincluir-com-br\/"}]}},"_links":{"self":[{"href":"https:\/\/portalincluir.com.br\/index.php\/wp-json\/wp\/v2\/posts\/998","targetHints":{"allow":["GET"]}}],"collection":[{"href":"https:\/\/portalincluir.com.br\/index.php\/wp-json\/wp\/v2\/posts"}],"about":[{"href":"https:\/\/portalincluir.com.br\/index.php\/wp-json\/wp\/v2\/types\/post"}],"author":[{"embeddable":true,"href":"https:\/\/portalincluir.com.br\/index.php\/wp-json\/wp\/v2\/users\/1"}],"replies":[{"embeddable":true,"href":"https:\/\/portalincluir.com.br\/index.php\/wp-json\/wp\/v2\/comments?post=998"}],"version-history":[{"count":1,"href":"https:\/\/portalincluir.com.br\/index.php\/wp-json\/wp\/v2\/posts\/998\/revisions"}],"predecessor-version":[{"id":1000,"href":"https:\/\/portalincluir.com.br\/index.php\/wp-json\/wp\/v2\/posts\/998\/revisions\/1000"}],"wp:featuredmedia":[{"embeddable":true,"href":"https:\/\/portalincluir.com.br\/index.php\/wp-json\/wp\/v2\/media\/999"}],"wp:attachment":[{"href":"https:\/\/portalincluir.com.br\/index.php\/wp-json\/wp\/v2\/media?parent=998"}],"wp:term":[{"taxonomy":"category","embeddable":true,"href":"https:\/\/portalincluir.com.br\/index.php\/wp-json\/wp\/v2\/categories?post=998"},{"taxonomy":"post_tag","embeddable":true,"href":"https:\/\/portalincluir.com.br\/index.php\/wp-json\/wp\/v2\/tags?post=998"}],"curies":[{"name":"wp","href":"https:\/\/api.w.org\/{rel}","templated":true}]}}